{"id":15948,"date":"2014-07-18T14:52:01","date_gmt":"2014-07-18T14:52:01","guid":{"rendered":"https:\/\/portal.sma.gob.cl\/index.php\/2014\/07\/18\/sma-fortalece-capacidades-de-fiscalizacion-de-la-seremi-de-salud-de-o-higgins\/"},"modified":"2014-07-18T14:52:01","modified_gmt":"2014-07-18T14:52:01","slug":"sma-fortalece-capacidades-de-fiscalizacion-de-la-seremi-de-salud-de-o-higgins","status":"publish","type":"post","link":"https:\/\/portal.sma.gob.cl\/index.php\/sma-fortalece-capacidades-de-fiscalizacion-de-la-seremi-de-salud-de-o-higgins\/","title":{"rendered":"SMA fortalece capacidades de fiscalizaci\u00f3n de la Seremi de Salud de O\u2019Higgins"},"content":{"rendered":"<p style=\"text-align: justify;\"><strong><img decoding=\"async\" class=\"size-auto size-full wp-image-15947\" src=\"https:\/\/portal.sma.gob.cl\/wp-content\/uploads\/2014\/07\/760x_17-07-2014_SMA_se_junta_con_Seremi_de_Salud.jpg\" alt=\"760x 17-07-2014 SMA se junta con Seremi de Salud\" width=\"760\" height=\"300\" srcset=\"https:\/\/portal.sma.gob.cl\/wp-content\/uploads\/2014\/07\/760x_17-07-2014_SMA_se_junta_con_Seremi_de_Salud-200x79.jpg 200w, https:\/\/portal.sma.gob.cl\/wp-content\/uploads\/2014\/07\/760x_17-07-2014_SMA_se_junta_con_Seremi_de_Salud-300x118.jpg 300w, https:\/\/portal.sma.gob.cl\/wp-content\/uploads\/2014\/07\/760x_17-07-2014_SMA_se_junta_con_Seremi_de_Salud-400x158.jpg 400w, https:\/\/portal.sma.gob.cl\/wp-content\/uploads\/2014\/07\/760x_17-07-2014_SMA_se_junta_con_Seremi_de_Salud-600x237.jpg 600w, https:\/\/portal.sma.gob.cl\/wp-content\/uploads\/2014\/07\/760x_17-07-2014_SMA_se_junta_con_Seremi_de_Salud.jpg 760w\" sizes=\"(max-width: 760px) 100vw, 760px\" \/><\/strong><\/p>\n<p style=\"text-align: justify;\"><strong>El Superintendente del Medio Ambiente (TP), Cristi\u00e1n Franz, entreg\u00f3 dos xilohigr\u00f3metros a esta repartici\u00f3n p\u00fablica que fiscaliza la comercializaci\u00f3n de le\u00f1a seca, contenido en el Plan de Descontaminaci\u00f3n del Valle Central.<\/strong><\/p>\n<p>  <!--more-->  <\/p>\n<p style=\"text-align: justify;\"><strong>Rancagua, 17 de julio de 2014<\/strong>. El Superintendente del Medio Ambiente (TP), Cristi\u00e1n Franz, junto al Seremi de Salud de la Regi\u00f3n de O\u00b4Higgins, Fernando Arenas, se reunieron en Rancagua para realizar la entrega de dos xilohigr\u00f3metros, instrumentos de medici\u00f3n que permiten determinar el contenido de humedad en le\u00f1a.<\/p>\n<p style=\"text-align: justify;\">Esta medida busca fortalecer las capacidades de fiscalizaci\u00f3n que dicha Seremi cumple dentro de la fiscalizaci\u00f3n del Plan de Descontaminaci\u00f3n Ambiental del Valle Central, que incluye a 17 comunas. Entre las medidas que fiscaliza la Seremi de Salud, est\u00e1 la del comercio de le\u00f1a seca en logares establecidos; la prohibici\u00f3n de uso de chimeneas de hogar abierto; la prohibici\u00f3n de la quema libre de hojas secas y de todo tipo de residuos en la v\u00eda p\u00fablica o en recintos privados en la zona saturada; entre otras.<\/p>\n<p style=\"text-align: justify;\">En la oportunidad, el Superintendente, acompa\u00f1ado del jefe de la Macro Zona Centro, Cristi\u00e1n Jorquera, y el jefe de la Divisi\u00f3n de Fiscalizaci\u00f3n de la SMA, Rub\u00e9n Verdugo, entreg\u00f3 a la autoridad de Salud, dos xilohigr\u00f3metros.<\/p>\n<p style=\"text-align: justify;\">\u201cCon estos instrumentos que le entregamos a la Seremi, estamos, en primer lugar, potenciado nuestra vinculaci\u00f3n con esta repartici\u00f3n publica, relevando de esta manera nuestro rol de coordinadores de acciones de fiscalizaci\u00f3n, y en segundo lugar apoyamos la fiscalizaci\u00f3n del PDA del Valle Central, y as\u00ed le otorgamos m\u00e1s herramientas que faciliten este trabajo, para poder detectar incumplimientos en el uso y venta de le\u00f1a h\u00fameda\u201d, sostuvo Franz.<\/p>\n","protected":false},"excerpt":{"rendered":"<p>El Superintendente del Medio Ambiente (TP), Cristi\u00e1n Franz, entreg\u00f3 dos xilohigr\u00f3metros a esta repartici\u00f3n p\u00fablica que fiscaliza la comercializaci\u00f3n de le\u00f1a seca, contenido en el Plan de Descontaminaci\u00f3n del Valle Central.<\/p>\n","protected":false},"author":3,"featured_media":15947,"comment_status":"open","ping_status":"open","sticky":false,"template":"","format":"standard","meta":{"footnotes":""},"categories":[94],"tags":[],"class_list":["post-15948","post","type-post","status-publish","format-standard","has-post-thumbnail","hentry","category-notas-noticias"],"_links":{"self":[{"href":"https:\/\/portal.sma.gob.cl\/index.php\/wp-json\/wp\/v2\/posts\/15948","targetHints":{"allow":["GET"]}}],"collection":[{"href":"https:\/\/portal.sma.gob.cl\/index.php\/wp-json\/wp\/v2\/posts"}],"about":[{"href":"https:\/\/portal.sma.gob.cl\/index.php\/wp-json\/wp\/v2\/types\/post"}],"author":[{"embeddable":true,"href":"https:\/\/portal.sma.gob.cl\/index.php\/wp-json\/wp\/v2\/users\/3"}],"replies":[{"embeddable":true,"href":"https:\/\/portal.sma.gob.cl\/index.php\/wp-json\/wp\/v2\/comments?post=15948"}],"version-history":[{"count":0,"href":"https:\/\/portal.sma.gob.cl\/index.php\/wp-json\/wp\/v2\/posts\/15948\/revisions"}],"wp:featuredmedia":[{"embeddable":true,"href":"https:\/\/portal.sma.gob.cl\/index.php\/wp-json\/wp\/v2\/media\/15947"}],"wp:attachment":[{"href":"https:\/\/portal.sma.gob.cl\/index.php\/wp-json\/wp\/v2\/media?parent=15948"}],"wp:term":[{"taxonomy":"category","embeddable":true,"href":"https:\/\/portal.sma.gob.cl\/index.php\/wp-json\/wp\/v2\/categories?post=15948"},{"taxonomy":"post_tag","embeddable":true,"href":"https:\/\/portal.sma.gob.cl\/index.php\/wp-json\/wp\/v2\/tags?post=15948"}],"curies":[{"name":"wp","href":"https:\/\/api.w.org\/{rel}","templated":true}]}}