{"id":15950,"date":"2014-07-25T20:37:06","date_gmt":"2014-07-25T20:37:06","guid":{"rendered":"https:\/\/portal.sma.gob.cl\/index.php\/2014\/07\/25\/segunda-sesion-del-consejo-de-la-sociedad-civil-2014\/"},"modified":"2014-07-25T20:37:06","modified_gmt":"2014-07-25T20:37:06","slug":"segunda-sesion-del-consejo-de-la-sociedad-civil-2014","status":"publish","type":"post","link":"https:\/\/portal.sma.gob.cl\/index.php\/segunda-sesion-del-consejo-de-la-sociedad-civil-2014\/","title":{"rendered":"Segunda sesi\u00f3n del Consejo de la Sociedad Civil 2014"},"content":{"rendered":"<p style=\"text-align: justify;\"><strong><img decoding=\"async\" class=\"size-auto size-full wp-image-15949\" src=\"https:\/\/portal.sma.gob.cl\/wp-content\/uploads\/2014\/07\/760_x_25-07-2014_CSC_segunda_sesi%C3%B3n.jpg\" alt=\"760 x 25-07-2014 CSC segunda sesi\u00f3n\" width=\"760\" height=\"300\" \/><\/strong><\/p>\n<p style=\"text-align: justify;\"><strong>En la reuni\u00f3n los representantes de la sociedad civil conocieron los lineamientos de lo que ser\u00e1 la nueva Red Nacional de Fiscalizaci\u00f3n Ambiental (RENFA).<\/strong><\/p>\n<p>  <!--more-->  <\/p>\n<p style=\"text-align: justify;\"><strong style=\"line-height: 1.3em;\">Santiago, 25 de julio<\/strong>. La Superintendencia del Medio Ambiente (SMA), en el contexto de la Ley 20.500, Sobre Asociaciones y Participaci\u00f3n Ciudadana en la Gesti\u00f3n P\u00fablica, cit\u00f3 al Consejo de la Sociedad Civil para realizar su segunda sesi\u00f3n del presente a\u00f1o.<\/p>\n<p style=\"text-align: justify;\">Los integrantes de la instancia, en esta oportunidad, conocieron los objetivos y lineamientos de la nueva Red Nacional de Fiscalizaci\u00f3n Ambiental (RENFA), iniciativa que lidera la SMA y busca el mejoramiento continuo en el desarrollo de las actividades de fiscalizaci\u00f3n y el cumplimiento ambiental en Chile.<\/p>\n<p style=\"text-align: justify;\">Claudia Pastore, jefa (S) de la Divisi\u00f3n de Fiscalizaci\u00f3n, explic\u00f3 a los asistentes que RENFA busca ser una organizaci\u00f3n que permita generar las instancias de di\u00e1logo, confluencia y desarrollo de principios rectores en materia de fiscalizaci\u00f3n ambiental a nivel nacional. Adem\u00e1s, permitir\u00e1 trabajar en forma coordinada con todos los Organismos Sectoriales, y con otros organismos p\u00fablicos y\/o entidades que se reconozcan como necesarias para el desarrollo e implementaci\u00f3n que permitan mejorar la gesti\u00f3n fiscalizadora.<\/p>\n<p style=\"text-align: justify;\">Entre los organismos p\u00fablicos que formar\u00e1n parte de esta Red, que est\u00e1 pronta a concretarse, est\u00e1n: Superintendencia de Servicios Sanitarios (SISS), Consejo de Monumentos Nacionales (CMN), Sernapesca, Conaf, entre otros.<\/p>\n<p style=\"text-align: justify;\">Entre los objetivos del RENFA, destacan el permitir la transferencia de la innovaci\u00f3n tecnol\u00f3gica en los procedimientos de fiscalizaci\u00f3n ambiental; optimizar presupuestos asignados para las actividades de fiscalizaci\u00f3n ambiental y reforzar la credibilidad de la funci\u00f3n del estado en la protecci\u00f3n del medioambiente, explic\u00f3 Claudia Pastore.<\/p>\n<p style=\"text-align: justify;\"><strong>Participantes de la reuni\u00f3n <\/strong><\/p>\n<p style=\"text-align: justify;\">En la sesi\u00f3n de hoy, participaron siete miembros del Consejo: Su presidente, Sergio Montenegro (Centro de Derecho Ambiental de la U. de Chile); y Pablo Valenzuela (Casa de la Paz); Constanza Pantale\u00f3n (CPC); \u00c1lvaro Acevedo (Sofofa); Juan Manuel Uribe (Universidad de Chile); Felipe Labra (Colegio de Ingenieros en Recursos Naturales A.G.); Mar\u00eda Isabel Aninat, (Centro de Estudios P\u00fablicos).<\/p>\n<p style=\"text-align: justify;\">El Consejo&nbsp; tiene un car\u00e1cter consultivo, representativo, plural y diverso. Tambi\u00e9n participa en los procesos de consulta de los planes, programas o pol\u00edticas en materia de seguimiento y fiscalizaci\u00f3n ambiental que la instituci\u00f3n estime pertinente. La instancia est\u00e1 integrada por 10 representantes de gremios, ONG, universidades y centros de estudio.<\/p>\n","protected":false},"excerpt":{"rendered":"<p>En la reuni\u00f3n los representantes de la sociedad civil conocieron los lineamientos de lo que ser\u00e1 la nueva Red Nacional de Fiscalizaci\u00f3n Ambiental (RENFA).<\/p>\n","protected":false},"author":3,"featured_media":15949,"comment_status":"open","ping_status":"open","sticky":false,"template":"","format":"standard","meta":{"footnotes":""},"categories":[94],"tags":[],"class_list":["post-15950","post","type-post","status-publish","format-standard","has-post-thumbnail","hentry","category-notas-noticias"],"_links":{"self":[{"href":"https:\/\/portal.sma.gob.cl\/index.php\/wp-json\/wp\/v2\/posts\/15950","targetHints":{"allow":["GET"]}}],"collection":[{"href":"https:\/\/portal.sma.gob.cl\/index.php\/wp-json\/wp\/v2\/posts"}],"about":[{"href":"https:\/\/portal.sma.gob.cl\/index.php\/wp-json\/wp\/v2\/types\/post"}],"author":[{"embeddable":true,"href":"https:\/\/portal.sma.gob.cl\/index.php\/wp-json\/wp\/v2\/users\/3"}],"replies":[{"embeddable":true,"href":"https:\/\/portal.sma.gob.cl\/index.php\/wp-json\/wp\/v2\/comments?post=15950"}],"version-history":[{"count":0,"href":"https:\/\/portal.sma.gob.cl\/index.php\/wp-json\/wp\/v2\/posts\/15950\/revisions"}],"wp:featuredmedia":[{"embeddable":true,"href":"https:\/\/portal.sma.gob.cl\/index.php\/wp-json\/wp\/v2\/media\/15949"}],"wp:attachment":[{"href":"https:\/\/portal.sma.gob.cl\/index.php\/wp-json\/wp\/v2\/media?parent=15950"}],"wp:term":[{"taxonomy":"category","embeddable":true,"href":"https:\/\/portal.sma.gob.cl\/index.php\/wp-json\/wp\/v2\/categories?post=15950"},{"taxonomy":"post_tag","embeddable":true,"href":"https:\/\/portal.sma.gob.cl\/index.php\/wp-json\/wp\/v2\/tags?post=15950"}],"curies":[{"name":"wp","href":"https:\/\/api.w.org\/{rel}","templated":true}]}}