{"id":15952,"date":"2014-08-01T19:16:36","date_gmt":"2014-08-01T19:16:36","guid":{"rendered":"https:\/\/portal.sma.gob.cl\/index.php\/2014\/08\/01\/superintendente-franz-se-reune-con-el-subsecretario-de-transportes\/"},"modified":"2014-08-01T19:16:36","modified_gmt":"2014-08-01T19:16:36","slug":"superintendente-franz-se-reune-con-el-subsecretario-de-transportes","status":"publish","type":"post","link":"https:\/\/portal.sma.gob.cl\/index.php\/superintendente-franz-se-reune-con-el-subsecretario-de-transportes\/","title":{"rendered":"Superintendente Franz se re\u00fane con el Subsecretario de Transportes"},"content":{"rendered":"<p style=\"text-align: justify;\"><strong><img decoding=\"async\" class=\"size-auto size-full wp-image-15951\" src=\"https:\/\/portal.sma.gob.cl\/wp-content\/uploads\/2014\/08\/760x_31-07-2014_subse_con_super.jpg\" alt=\"760x 31-07-2014 subse con super\" width=\"760\" height=\"300\" srcset=\"https:\/\/portal.sma.gob.cl\/wp-content\/uploads\/2014\/08\/760x_31-07-2014_subse_con_super-200x79.jpg 200w, https:\/\/portal.sma.gob.cl\/wp-content\/uploads\/2014\/08\/760x_31-07-2014_subse_con_super-300x118.jpg 300w, https:\/\/portal.sma.gob.cl\/wp-content\/uploads\/2014\/08\/760x_31-07-2014_subse_con_super-400x158.jpg 400w, https:\/\/portal.sma.gob.cl\/wp-content\/uploads\/2014\/08\/760x_31-07-2014_subse_con_super-600x237.jpg 600w, https:\/\/portal.sma.gob.cl\/wp-content\/uploads\/2014\/08\/760x_31-07-2014_subse_con_super.jpg 760w\" sizes=\"(max-width: 760px) 100vw, 760px\" \/><\/strong><\/p>\n<p style=\"text-align: justify;\"><strong>El Subsecretario, Cristi\u00e1n Bowen, comprometi\u00f3 su colaboraci\u00f3n con la Red Nacional de Fiscalizaci\u00f3n Ambiental (RENFA).<\/strong><\/p>\n<p>  <!--more-->  <\/p>\n<p style=\"text-align: justify;\"><strong>Santiago, 31 de julio de 2014<\/strong>. El Superintendente del Medio Ambiente (TP), Cristi\u00e1n Franz, se reuni\u00f3 con el Subsecretario de Transportes, Cristi\u00e1n Bowen, para conversar sobre tem\u00e1ticas ambientales de ambos organismos, en el marco del pr\u00f3ximo lanzamiento de la Red Nacional de Fiscalizaci\u00f3n Ambiental (RENFA), el 13 de agosto en el Centro Cultural La Moneda.<\/p>\n<p>En la ocasi\u00f3n, el Superintendente invit\u00f3 a la Subsecretar\u00eda de Transportes a sumarse a esta red, con el objeto de contar con su colaboraci\u00f3n para mejorar el est\u00e1ndar de fiscalizaci\u00f3n ambiental en Chile.<\/p>\n<p style=\"text-align: justify;\">\u201cEs importante que contemos con todos los organismos sectoriales que tienen competencias ambientales junto con la Superintendencia, con una plataforma que nos permita trabajar de una manera m\u00e1s coordinada y cohesionada\u201d, afirm\u00f3 Franz.<\/p>\n<p>Por su parte, Bowen valor\u00f3 esta iniciativa y comprometi\u00f3 la colaboraci\u00f3n de su servicio. Tras la cita, sostuvo: \u201ctrabajar en conjunto hace que la fiscalizaci\u00f3n sea m\u00e1s efectiva y podamos asegurar la calidad de vida de los chilenos y chilenas\u201d.<\/p>\n","protected":false},"excerpt":{"rendered":"<p>El Subsecretario, Cristi\u00e1n Bowen, comprometi\u00f3 su colaboraci\u00f3n con la Red Nacional de Fiscalizaci\u00f3n Ambiental (RENFA).<\/p>\n","protected":false},"author":3,"featured_media":15951,"comment_status":"open","ping_status":"open","sticky":false,"template":"","format":"standard","meta":{"footnotes":""},"categories":[94],"tags":[],"class_list":["post-15952","post","type-post","status-publish","format-standard","has-post-thumbnail","hentry","category-notas-noticias"],"_links":{"self":[{"href":"https:\/\/portal.sma.gob.cl\/index.php\/wp-json\/wp\/v2\/posts\/15952","targetHints":{"allow":["GET"]}}],"collection":[{"href":"https:\/\/portal.sma.gob.cl\/index.php\/wp-json\/wp\/v2\/posts"}],"about":[{"href":"https:\/\/portal.sma.gob.cl\/index.php\/wp-json\/wp\/v2\/types\/post"}],"author":[{"embeddable":true,"href":"https:\/\/portal.sma.gob.cl\/index.php\/wp-json\/wp\/v2\/users\/3"}],"replies":[{"embeddable":true,"href":"https:\/\/portal.sma.gob.cl\/index.php\/wp-json\/wp\/v2\/comments?post=15952"}],"version-history":[{"count":0,"href":"https:\/\/portal.sma.gob.cl\/index.php\/wp-json\/wp\/v2\/posts\/15952\/revisions"}],"wp:featuredmedia":[{"embeddable":true,"href":"https:\/\/portal.sma.gob.cl\/index.php\/wp-json\/wp\/v2\/media\/15951"}],"wp:attachment":[{"href":"https:\/\/portal.sma.gob.cl\/index.php\/wp-json\/wp\/v2\/media?parent=15952"}],"wp:term":[{"taxonomy":"category","embeddable":true,"href":"https:\/\/portal.sma.gob.cl\/index.php\/wp-json\/wp\/v2\/categories?post=15952"},{"taxonomy":"post_tag","embeddable":true,"href":"https:\/\/portal.sma.gob.cl\/index.php\/wp-json\/wp\/v2\/tags?post=15952"}],"curies":[{"name":"wp","href":"https:\/\/api.w.org\/{rel}","templated":true}]}}