{"id":15956,"date":"2014-08-08T20:49:00","date_gmt":"2014-08-08T20:49:00","guid":{"rendered":"https:\/\/portal.sma.gob.cl\/index.php\/2014\/08\/08\/finaliza-curso-internacional\/"},"modified":"2014-08-08T20:49:00","modified_gmt":"2014-08-08T20:49:00","slug":"finaliza-curso-internacional","status":"publish","type":"post","link":"https:\/\/portal.sma.gob.cl\/index.php\/finaliza-curso-internacional\/","title":{"rendered":"Finaliza exitosamente curso internacional de t\u00e9cnicas forenses"},"content":{"rendered":"<p style=\"text-align: justify;\"><strong><img decoding=\"async\" class=\"size-auto size-full wp-image-15955\" src=\"https:\/\/portal.sma.gob.cl\/wp-content\/uploads\/2014\/08\/760_x_SMA_participa_curso_Interpol.jpg\" alt=\"760 x SMA participa curso Interpol\" width=\"760\" height=\"300\" srcset=\"https:\/\/portal.sma.gob.cl\/wp-content\/uploads\/2014\/08\/760_x_SMA_participa_curso_Interpol-200x79.jpg 200w, https:\/\/portal.sma.gob.cl\/wp-content\/uploads\/2014\/08\/760_x_SMA_participa_curso_Interpol-300x118.jpg 300w, https:\/\/portal.sma.gob.cl\/wp-content\/uploads\/2014\/08\/760_x_SMA_participa_curso_Interpol-400x158.jpg 400w, https:\/\/portal.sma.gob.cl\/wp-content\/uploads\/2014\/08\/760_x_SMA_participa_curso_Interpol-600x237.jpg 600w, https:\/\/portal.sma.gob.cl\/wp-content\/uploads\/2014\/08\/760_x_SMA_participa_curso_Interpol.jpg 760w\" sizes=\"(max-width: 760px) 100vw, 760px\" \/><\/strong><\/p>\n<p style=\"text-align: justify;\"><strong>El Superintendente del Medio Ambiente (TP), Cristi\u00e1n Franz, entreg\u00f3 los diplomas de la capacitaci\u00f3n que cont\u00f3 con la presencia de la Agencia de Protecci\u00f3n Ambiental de Estados Unidos (EPA) y el Comit\u00e9 de Delitos Ambientales de Interpol.<\/strong><\/p>\n<p>  <!--more-->  <\/p>\n<p style=\"text-align: justify;\"><strong>Santiago, 7 de agosto de 2014<\/strong>. El Superintendente del Medio Ambiente (TP), Cristi\u00e1n Franz, asisti\u00f3 al cierre del \u201cCurso Internacional sobre T\u00e9cnicas Forenses para la Determinaci\u00f3n de Infracciones Ambientales\u201d, realizado en Santiago durante tres d\u00edas.<\/p>\n<p style=\"text-align: justify;\">En la actividad, dictada por la Agencia de Protecci\u00f3n Ambiental (EPA) de Estados Unidos, en colaboraci\u00f3n con la Red Sudamericana de Cumplimiento Ambiental y Control, Comit\u00e9 de Delitos Ambientales de Interpol, y la Red Internacional para la Fiscalizaci\u00f3n y Cumplimiento Ambiental (INECE), se capacitaron profesionales de la SMA y de distintos servicios p\u00fablicos, como de Salud, Directemar, Conaf, entre otros.<\/p>\n<p style=\"text-align: justify;\">En la \u00faltima jornada de capacitaci\u00f3n, se abordaron las metodolog\u00edas para utilizar en laboratorio y tambi\u00e9n Tecnolog\u00edas Avanzadas de Monitoreo. Profesionales de la SMA mostraron algunos ejemplos de instrumentos utilizados en la fiscalizaci\u00f3n, como c\u00e1maras termogr\u00e1ficas, XRF, sondas multipar\u00e1metros, entre otros.<\/p>\n<p style=\"text-align: justify;\">\u201cCon este tipo de iniciativas, buscamos que los fiscalizadores de la SMA como tambi\u00e9n de distintos servicios p\u00fablicos que colaboran en labores de fiscalizaci\u00f3n, est\u00e9n mejor capacitados para realizar actividades de inspecci\u00f3n. Con estas capacitaciones internacionales, buscamos que el equipo profesional est\u00e9 a la vanguardia en conocimientos acerca de las \u00faltimas tecnolog\u00edas y procedimientos\u201d, sostuvo antes del cierre del evento, el Superintendente.<\/p>\n<p style=\"text-align: justify;\">Cabe indicar que al encuentro, concurrieron representantes de las agencias de fiscalizaci\u00f3n y evaluaci\u00f3n ambiental de Per\u00fa, Colombia y Ecuador, para intercambiar experiencias comunes en la regi\u00f3n.<\/p>\n","protected":false},"excerpt":{"rendered":"<p>El Superintendente del Medio Ambiente (TP), Cristi\u00e1n Franz, entreg\u00f3 los diplomas de la capacitaci\u00f3n que cont\u00f3 con la presencia de la Agencia de Protecci\u00f3n Ambiental de Estados Unidos (EPA) y el Comit\u00e9 de Delitos Ambientales de Interpol.<\/p>\n","protected":false},"author":3,"featured_media":15955,"comment_status":"open","ping_status":"open","sticky":false,"template":"","format":"standard","meta":{"footnotes":""},"categories":[94],"tags":[],"class_list":["post-15956","post","type-post","status-publish","format-standard","has-post-thumbnail","hentry","category-notas-noticias"],"_links":{"self":[{"href":"https:\/\/portal.sma.gob.cl\/index.php\/wp-json\/wp\/v2\/posts\/15956","targetHints":{"allow":["GET"]}}],"collection":[{"href":"https:\/\/portal.sma.gob.cl\/index.php\/wp-json\/wp\/v2\/posts"}],"about":[{"href":"https:\/\/portal.sma.gob.cl\/index.php\/wp-json\/wp\/v2\/types\/post"}],"author":[{"embeddable":true,"href":"https:\/\/portal.sma.gob.cl\/index.php\/wp-json\/wp\/v2\/users\/3"}],"replies":[{"embeddable":true,"href":"https:\/\/portal.sma.gob.cl\/index.php\/wp-json\/wp\/v2\/comments?post=15956"}],"version-history":[{"count":0,"href":"https:\/\/portal.sma.gob.cl\/index.php\/wp-json\/wp\/v2\/posts\/15956\/revisions"}],"wp:featuredmedia":[{"embeddable":true,"href":"https:\/\/portal.sma.gob.cl\/index.php\/wp-json\/wp\/v2\/media\/15955"}],"wp:attachment":[{"href":"https:\/\/portal.sma.gob.cl\/index.php\/wp-json\/wp\/v2\/media?parent=15956"}],"wp:term":[{"taxonomy":"category","embeddable":true,"href":"https:\/\/portal.sma.gob.cl\/index.php\/wp-json\/wp\/v2\/categories?post=15956"},{"taxonomy":"post_tag","embeddable":true,"href":"https:\/\/portal.sma.gob.cl\/index.php\/wp-json\/wp\/v2\/tags?post=15956"}],"curies":[{"name":"wp","href":"https:\/\/api.w.org\/{rel}","templated":true}]}}