{"id":15960,"date":"2014-08-13T16:27:36","date_gmt":"2014-08-13T16:27:36","guid":{"rendered":"https:\/\/portal.sma.gob.cl\/index.php\/2014\/08\/13\/sma-presenta-nueva-red-nacional-de-fiscalizacion-ambiental-renfa\/"},"modified":"2014-08-13T16:27:36","modified_gmt":"2014-08-13T16:27:36","slug":"sma-presenta-nueva-red-nacional-de-fiscalizacion-ambiental-renfa","status":"publish","type":"post","link":"https:\/\/portal.sma.gob.cl\/index.php\/sma-presenta-nueva-red-nacional-de-fiscalizacion-ambiental-renfa\/","title":{"rendered":"SMA presenta nueva Red Nacional de Fiscalizaci\u00f3n Ambiental (RENFA)"},"content":{"rendered":"<p style=\"text-align: justify;\"><img decoding=\"async\" class=\"size-auto size-full wp-image-15959\" src=\"https:\/\/portal.sma.gob.cl\/wp-content\/uploads\/2014\/08\/760x_13-08-2014_Lanzamiento_RENFA_SMA.jpg\" alt=\"760x 13-08-2014 Lanzamiento RENFA SMA\" width=\"760\" height=\"300\" srcset=\"https:\/\/portal.sma.gob.cl\/wp-content\/uploads\/2014\/08\/760x_13-08-2014_Lanzamiento_RENFA_SMA-200x79.jpg 200w, https:\/\/portal.sma.gob.cl\/wp-content\/uploads\/2014\/08\/760x_13-08-2014_Lanzamiento_RENFA_SMA-300x118.jpg 300w, https:\/\/portal.sma.gob.cl\/wp-content\/uploads\/2014\/08\/760x_13-08-2014_Lanzamiento_RENFA_SMA-400x158.jpg 400w, https:\/\/portal.sma.gob.cl\/wp-content\/uploads\/2014\/08\/760x_13-08-2014_Lanzamiento_RENFA_SMA-600x237.jpg 600w, https:\/\/portal.sma.gob.cl\/wp-content\/uploads\/2014\/08\/760x_13-08-2014_Lanzamiento_RENFA_SMA.jpg 760w\" sizes=\"(max-width: 760px) 100vw, 760px\" \/><\/p>\n<p style=\"text-align: justify;\"><strong>La entidad tiene como objetivo la coordinaci\u00f3n entre los 16 organismos p\u00fablicos que la integran para llevar a cabo la fiscalizaci\u00f3n ambiental en todo Chile.<\/strong><\/p>\n<p>  <!--more-->  <\/p>\n<p style=\"text-align: justify;\"><strong>Santiago, 13 de agosto de 2014<\/strong>.&nbsp;La Superintendencia del Medio Ambiente (SMA), present\u00f3 esta ma\u00f1ana la nueva Red Nacional de Fiscalizaci\u00f3n Ambiental (RENFA), que tiene como meta garantizar que los instrumentos de gesti\u00f3n ambiental del pa\u00eds sean reconocidos y respetados por todos los chilenos y chilenas.<\/p>\n<p style=\"text-align: justify;\">El superintendente (TP), Cristi\u00e1n Franz, explic\u00f3 los alcances de la iniciativa: \u201ces importante que contemos con todos los organismos p\u00fablicos que tienen competencias ambientales junto con la superintendencia y as\u00ed conformar una plataforma que nos permita trabajar de una manera m\u00e1s coordinada y cohesionada. Con esto, lograremos que Chile tenga una mejor fiscalizaci\u00f3n\u201d, afirm\u00f3 Franz.<\/p>\n<p style=\"text-align: justify;\">\u201cEsta red de fiscalizaci\u00f3n lo que va a permitir utilizar de manera m\u00e1s eficiente los recursos del Estado, en post de fiscalizar el cumplimiento de los instrumentos de gesti\u00f3n ambiental. Hoy d\u00eda m\u00e1s de 600 funcionarios de los distintos organismos p\u00fablicos van a trabajar para hacer cumplir las resoluciones de calificaciones e instrumentos de gesti\u00f3n ambiental. Esto es clave para el Estado porque creemos que una red de estas caracter\u00edsticas permite multiplicar los esfuerzos y los recursos disponibles en varios servicios p\u00fablicos a miras de un objetivo com\u00fan: resguardar el cuidado del medio ambiente en nuestro pa\u00eds\u201d, asegur\u00f3 Pablo Badenier, Ministro del Medio Ambiente, durante la presentaci\u00f3n.<\/p>\n<p style=\"text-align: justify;\"><strong>Estandarizar criterios<\/strong><\/p>\n<p style=\"text-align: justify;\">RENFA est\u00e1 compuesta por 16 servicios p\u00fablicos con competencias ambientales. La conformaci\u00f3n de la red permitir\u00e1 homologar y estandarizar criterios y procedimientos de fiscalizaci\u00f3n y cumplimiento ambiental, avanzando en el desarrollo de un lenguaje com\u00fan a nivel nacional; fortalecer las capacidades de los profesionales, a trav\u00e9s de capacitaciones y desarrollo de habilidades en conceptos y enfoques claves; avanzar en el desarrollo de herramientas de seguimiento ambiental de los proyectos o fuentes regulados, generar sinergias para dar cuenta de los problemas ambientales identificados en el pa\u00eds, entre otras.<\/p>\n<p style=\"text-align: justify;\">Entre las acciones m\u00e1s relevantes que desarrollar\u00e1 esta Red, est\u00e1 la homologaci\u00f3n y estandarizaci\u00f3n de criterios y procedimientos de fiscalizaci\u00f3n y cumplimiento ambiental, avanzando en el desarrollo de un lenguaje com\u00fan a nivel nacional. Tambi\u00e9n se apoyar\u00e1 el fortalecimiento de las capacidades de los profesionales que en ella se desempe\u00f1an, a trav\u00e9s de actividades de capacitaci\u00f3n y el desarrollo de habilidades en conceptos y enfoques claves.<\/p>\n<p style=\"text-align: justify;\">Al evento asistieron diversas autoridades como el subsecretario de la cartera Marcelo Mena; adem\u00e1s de profesionales y directivos de los 16 servicios p\u00fablicos que forman parte de la RENFA, con quienes la SMA firm\u00f3 un convenio de colaboraci\u00f3n, que tiene por objeto coordinar y cohesionar de mejor manera la fiscalizaci\u00f3n ambiental en Chile.<\/p>\n<p style=\"text-align: justify;\">&nbsp;<\/p>\n<p style=\"text-align: justify;\"><a class=\"doclink\" style=\"line-height: 1.3em;\" href=\"index.php?option=com_docman&amp;task=doc_download&amp;gid=273&amp;Itemid=280\"><img decoding=\"async\" class=\" size-full wp-image-15480\" src=\"https:\/\/portal.sma.gob.cl\/wp-content\/uploads\/2012\/07\/pdf.png\" alt=\"icon\" border=\"0\" width=\"16\" height=\"16\" \/>&nbsp;Discurso del Superintendente para Lanzamiento de Renfa<\/a><\/p>\n<p style=\"text-align: justify;\">&nbsp;<\/p>\n<h3 style=\"text-align: justify;\">VER VIDEO:<\/h3>\n<p style=\"text-align: justify;\">&nbsp;<\/p>\n<p> <video src=\"\/video\/Present.mp4\" controls=\"controls\" width=\"650\" height=\"500\" type=\"video\/mp4\"><\/video> <\/p>\n","protected":false},"excerpt":{"rendered":"<p>La entidad tiene como objetivo la coordinaci\u00f3n entre los 16 organismos p\u00fablicos que la integran para llevar a cabo la fiscalizaci\u00f3n ambiental en todo Chile.<\/p>\n","protected":false},"author":3,"featured_media":15959,"comment_status":"open","ping_status":"open","sticky":false,"template":"","format":"standard","meta":{"footnotes":""},"categories":[90],"tags":[],"class_list":["post-15960","post","type-post","status-publish","format-standard","has-post-thumbnail","hentry","category-comunicados-noticias"],"_links":{"self":[{"href":"https:\/\/portal.sma.gob.cl\/index.php\/wp-json\/wp\/v2\/posts\/15960","targetHints":{"allow":["GET"]}}],"collection":[{"href":"https:\/\/portal.sma.gob.cl\/index.php\/wp-json\/wp\/v2\/posts"}],"about":[{"href":"https:\/\/portal.sma.gob.cl\/index.php\/wp-json\/wp\/v2\/types\/post"}],"author":[{"embeddable":true,"href":"https:\/\/portal.sma.gob.cl\/index.php\/wp-json\/wp\/v2\/users\/3"}],"replies":[{"embeddable":true,"href":"https:\/\/portal.sma.gob.cl\/index.php\/wp-json\/wp\/v2\/comments?post=15960"}],"version-history":[{"count":0,"href":"https:\/\/portal.sma.gob.cl\/index.php\/wp-json\/wp\/v2\/posts\/15960\/revisions"}],"wp:featuredmedia":[{"embeddable":true,"href":"https:\/\/portal.sma.gob.cl\/index.php\/wp-json\/wp\/v2\/media\/15959"}],"wp:attachment":[{"href":"https:\/\/portal.sma.gob.cl\/index.php\/wp-json\/wp\/v2\/media?parent=15960"}],"wp:term":[{"taxonomy":"category","embeddable":true,"href":"https:\/\/portal.sma.gob.cl\/index.php\/wp-json\/wp\/v2\/categories?post=15960"},{"taxonomy":"post_tag","embeddable":true,"href":"https:\/\/portal.sma.gob.cl\/index.php\/wp-json\/wp\/v2\/tags?post=15960"}],"curies":[{"name":"wp","href":"https:\/\/api.w.org\/{rel}","templated":true}]}}