{"id":15962,"date":"2014-08-14T22:18:17","date_gmt":"2014-08-14T22:18:17","guid":{"rendered":"https:\/\/portal.sma.gob.cl\/index.php\/2014\/08\/14\/superintendente-se-reune-con-el-alcalde-de-chillan-viejo\/"},"modified":"2014-08-14T22:18:17","modified_gmt":"2014-08-14T22:18:17","slug":"superintendente-se-reune-con-el-alcalde-de-chillan-viejo","status":"publish","type":"post","link":"https:\/\/portal.sma.gob.cl\/index.php\/superintendente-se-reune-con-el-alcalde-de-chillan-viejo\/","title":{"rendered":"Superintendente se re\u00fane con alcalde y vecinos de Chill\u00e1n Viejo"},"content":{"rendered":"<p style=\"text-align: justify;\"><strong><img decoding=\"async\" class=\"size-auto size-full wp-image-15961\" src=\"https:\/\/portal.sma.gob.cl\/wp-content\/uploads\/2014\/08\/760x_Superintendente_se_re%C3%BAne_con_alcalde_de_Chill%C3%A1n_Viejo_14-08-2014.jpg\" alt=\"760x Superintendente se re\u00fane con alcalde de Chill\u00e1n Viejo 14-08-2014\" width=\"760\" height=\"300\" \/><\/strong><\/p>\n<p style=\"text-align: justify;\"><strong>Las autoridades analizaron las problem\u00e1ticas ambientales que afectan a los vecinos de dicha comuna de la Regi\u00f3n del Bio B\u00edo.<\/strong><\/p>\n<p>  <!--more-->  <\/p>\n<p style=\"text-align: justify;\"><strong>Santiago, 14 de agosto de 2014<\/strong>. El Superintendente del Medio Ambiente (TP), Cristi\u00e1n Franz, recibi\u00f3 en las oficinas de la instituci\u00f3n al alcalde de Chill\u00e1n Viejo, Felipe Aylwin, quien lleg\u00f3 acompa\u00f1ado de una comitiva de su equipo municipal y representantes de organizaciones vecinales.<\/p>\n<p style=\"text-align: justify;\">La reuni\u00f3n tuvo por objetivo abordar las problem\u00e1ticas ambientales que afectan dicha localidad, expuestas por los vecinos y el m\u00e1ximo jefe comunal.<\/p>\n<p style=\"text-align: justify;\">El Superintendente recogi\u00f3 estas inquietudes de la comunidad, y dijo que analizar\u00e1 los temas que le fueron planteados.<\/p>\n","protected":false},"excerpt":{"rendered":"<p>Las autoridades analizaron las problem\u00e1ticas ambientales que afectan a los vecinos de dicha comuna de la Regi\u00f3n del Bio B\u00edo.<\/p>\n","protected":false},"author":3,"featured_media":15961,"comment_status":"open","ping_status":"open","sticky":false,"template":"","format":"standard","meta":{"footnotes":""},"categories":[94],"tags":[],"class_list":["post-15962","post","type-post","status-publish","format-standard","has-post-thumbnail","hentry","category-notas-noticias"],"_links":{"self":[{"href":"https:\/\/portal.sma.gob.cl\/index.php\/wp-json\/wp\/v2\/posts\/15962","targetHints":{"allow":["GET"]}}],"collection":[{"href":"https:\/\/portal.sma.gob.cl\/index.php\/wp-json\/wp\/v2\/posts"}],"about":[{"href":"https:\/\/portal.sma.gob.cl\/index.php\/wp-json\/wp\/v2\/types\/post"}],"author":[{"embeddable":true,"href":"https:\/\/portal.sma.gob.cl\/index.php\/wp-json\/wp\/v2\/users\/3"}],"replies":[{"embeddable":true,"href":"https:\/\/portal.sma.gob.cl\/index.php\/wp-json\/wp\/v2\/comments?post=15962"}],"version-history":[{"count":0,"href":"https:\/\/portal.sma.gob.cl\/index.php\/wp-json\/wp\/v2\/posts\/15962\/revisions"}],"wp:featuredmedia":[{"embeddable":true,"href":"https:\/\/portal.sma.gob.cl\/index.php\/wp-json\/wp\/v2\/media\/15961"}],"wp:attachment":[{"href":"https:\/\/portal.sma.gob.cl\/index.php\/wp-json\/wp\/v2\/media?parent=15962"}],"wp:term":[{"taxonomy":"category","embeddable":true,"href":"https:\/\/portal.sma.gob.cl\/index.php\/wp-json\/wp\/v2\/categories?post=15962"},{"taxonomy":"post_tag","embeddable":true,"href":"https:\/\/portal.sma.gob.cl\/index.php\/wp-json\/wp\/v2\/tags?post=15962"}],"curies":[{"name":"wp","href":"https:\/\/api.w.org\/{rel}","templated":true}]}}