{"id":15964,"date":"2014-08-25T15:23:11","date_gmt":"2014-08-25T15:23:11","guid":{"rendered":"https:\/\/portal.sma.gob.cl\/index.php\/2014\/08\/25\/sma-ordena-a-porkland-la-adopcion-de-medidas-provisionales-de-limpieza-y-sellado\/"},"modified":"2014-08-25T15:23:11","modified_gmt":"2014-08-25T15:23:11","slug":"sma-ordena-a-porkland-la-adopcion-de-medidas-provisionales-de-limpieza-y-sellado","status":"publish","type":"post","link":"https:\/\/portal.sma.gob.cl\/index.php\/sma-ordena-a-porkland-la-adopcion-de-medidas-provisionales-de-limpieza-y-sellado\/","title":{"rendered":"SMA ordena a Porkland la adopci\u00f3n de medidas provisionales de limpieza y sellado"},"content":{"rendered":"<p style=\"text-align: justify;\">&nbsp;<img decoding=\"async\" class=\"size-auto size-full wp-image-15963\" src=\"https:\/\/portal.sma.gob.cl\/wp-content\/uploads\/2014\/08\/760_x_22-08-2014_SMA_ordena_medidas_a_Porkland.jpg\" alt=\"760 x 22-08-2014 SMA ordena medidas a Porkland\" width=\"760\" height=\"300\" srcset=\"https:\/\/portal.sma.gob.cl\/wp-content\/uploads\/2014\/08\/760_x_22-08-2014_SMA_ordena_medidas_a_Porkland-200x79.jpg 200w, https:\/\/portal.sma.gob.cl\/wp-content\/uploads\/2014\/08\/760_x_22-08-2014_SMA_ordena_medidas_a_Porkland-300x118.jpg 300w, https:\/\/portal.sma.gob.cl\/wp-content\/uploads\/2014\/08\/760_x_22-08-2014_SMA_ordena_medidas_a_Porkland-400x158.jpg 400w, https:\/\/portal.sma.gob.cl\/wp-content\/uploads\/2014\/08\/760_x_22-08-2014_SMA_ordena_medidas_a_Porkland-600x237.jpg 600w, https:\/\/portal.sma.gob.cl\/wp-content\/uploads\/2014\/08\/760_x_22-08-2014_SMA_ordena_medidas_a_Porkland.jpg 760w\" sizes=\"(max-width: 760px) 100vw, 760px\" \/><\/p>\n<p style=\"text-align: justify;\"><strong>La Superintendencia del Medio Ambiente (SMA), decidi\u00f3 aplicar la medida en contra del proyecto \u201cGranja de cerdos Porkland\u201d, de Til Til, para que reduzca los malos olores que emite.<\/strong><\/p>\n<p>  <!--more-->  <\/p>\n<p style=\"text-align: justify;\"><strong>Santiago, 22 de agosto de 2014<\/strong>. La Superintendencia del Medio Ambiente (SMA) orden\u00f3 una serie de medidas provisionales a la empresa Porkland Chile S.A., en relaci\u00f3n a su proyecto \u201cGranja de Cerdos Porkland\u201d, con el fin de evitar que la comunidad de Montenegro y vecinos de la Municipalidad de Til Til, se sigan exponiendo a olores molestos producidos por la planta.<\/p>\n<p style=\"text-align: justify;\">Entre las medidas ordenadas a la empresa, destacan las siguientes:<\/p>\n<p style=\"text-align: justify;\">1) Limpieza y sellado de la \u201cpiscina de acopio temporal\u201d, la cual se construy\u00f3 sin contar con la respectiva Resoluci\u00f3n de Calificaci\u00f3n Ambiental (RCA).<\/p>\n<p style=\"text-align: justify;\">2) Se orden\u00f3 que la disposici\u00f3n final de los lodos deber\u00e1 ser en un relleno sanitario autorizado.<\/p>\n<p style=\"text-align: justify;\">3) Limpieza y sellado del conjunto de 4 piscinas biodigestoras, sin contar con las respectiva autorizaci\u00f3n.<\/p>\n<p style=\"text-align: justify;\">4) En un plazo de 25 d\u00edas corridos contados desde la notificaci\u00f3n de la resoluci\u00f3n, se orden\u00f3 al titular presentar un informe que deber\u00e1 se\u00f1alar el estado de implementaci\u00f3n de las medidas, indicando tanto las actividades ejecutadas, como las actividades pendientes, para efectos de una posible renovaci\u00f3n de las medidas ordenadas.<\/p>\n<p style=\"text-align: justify;\">Sin perjuicio de lo anterior, la SMA informa que el procedimiento sancionatorio seguido en contra de Porkland seguir\u00e1 su curso hasta su completa tramitaci\u00f3n.<\/p>\n<p style=\"text-align: left;\">Para mayor informaci\u00f3n, todos los antecedentes del caso est\u00e1n disponibles en:&nbsp;<\/p>\n<p style=\"text-align: left;\"><a href=\"http:\/\/snifa.sma.gob.cl\/RegistroPublico\/ProcesoSancion\/VerExpediente?expediente=D-020-2013\">http:\/\/snifa.sma.gob.cl\/RegistroPublico\/ProcesoSancion\/VerExpediente?expediente=D-020-2013<\/a><\/p>\n<p style=\"text-align: left;\">&nbsp;<\/p>\n","protected":false},"excerpt":{"rendered":"<p>&nbsp; La Superintendencia del Medio Ambiente (SMA), decidi\u00f3 aplicar la medida en contra del proyecto \u201cGranja de cerdos Porkland\u201d, de Til Til, para que reduzca los malos olores que emite.<\/p>\n","protected":false},"author":3,"featured_media":15963,"comment_status":"open","ping_status":"open","sticky":false,"template":"","format":"standard","meta":{"footnotes":""},"categories":[90],"tags":[],"class_list":["post-15964","post","type-post","status-publish","format-standard","has-post-thumbnail","hentry","category-comunicados-noticias"],"_links":{"self":[{"href":"https:\/\/portal.sma.gob.cl\/index.php\/wp-json\/wp\/v2\/posts\/15964","targetHints":{"allow":["GET"]}}],"collection":[{"href":"https:\/\/portal.sma.gob.cl\/index.php\/wp-json\/wp\/v2\/posts"}],"about":[{"href":"https:\/\/portal.sma.gob.cl\/index.php\/wp-json\/wp\/v2\/types\/post"}],"author":[{"embeddable":true,"href":"https:\/\/portal.sma.gob.cl\/index.php\/wp-json\/wp\/v2\/users\/3"}],"replies":[{"embeddable":true,"href":"https:\/\/portal.sma.gob.cl\/index.php\/wp-json\/wp\/v2\/comments?post=15964"}],"version-history":[{"count":0,"href":"https:\/\/portal.sma.gob.cl\/index.php\/wp-json\/wp\/v2\/posts\/15964\/revisions"}],"wp:featuredmedia":[{"embeddable":true,"href":"https:\/\/portal.sma.gob.cl\/index.php\/wp-json\/wp\/v2\/media\/15963"}],"wp:attachment":[{"href":"https:\/\/portal.sma.gob.cl\/index.php\/wp-json\/wp\/v2\/media?parent=15964"}],"wp:term":[{"taxonomy":"category","embeddable":true,"href":"https:\/\/portal.sma.gob.cl\/index.php\/wp-json\/wp\/v2\/categories?post=15964"},{"taxonomy":"post_tag","embeddable":true,"href":"https:\/\/portal.sma.gob.cl\/index.php\/wp-json\/wp\/v2\/tags?post=15964"}],"curies":[{"name":"wp","href":"https:\/\/api.w.org\/{rel}","templated":true}]}}