{"id":15966,"date":"2014-08-25T12:43:26","date_gmt":"2014-08-25T12:43:26","guid":{"rendered":"https:\/\/portal.sma.gob.cl\/index.php\/2014\/08\/25\/avances-en-el-proceso-de-planificacion-estrategica-de-la-msa\/"},"modified":"2014-08-25T12:43:26","modified_gmt":"2014-08-25T12:43:26","slug":"avances-en-el-proceso-de-planificacion-estrategica-de-la-msa","status":"publish","type":"post","link":"https:\/\/portal.sma.gob.cl\/index.php\/avances-en-el-proceso-de-planificacion-estrategica-de-la-msa\/","title":{"rendered":"Avances en el  proceso de Planificaci\u00f3n Estrat\u00e9gica de la SMA"},"content":{"rendered":"<p style=\"text-align: justify;\"><strong><img decoding=\"async\" class=\"size-auto size-full wp-image-15965\" src=\"https:\/\/portal.sma.gob.cl\/wp-content\/uploads\/2014\/08\/760x_29-08-2014_planificaci%C3%B3n_SMA.jpg\" alt=\"760x 29-08-2014 planificaci\u00f3n SMA\" width=\"760\" height=\"300\" \/><\/strong><\/p>\n<p style=\"text-align: justify;\"><strong>La SMA realiz\u00f3 un encuentro de dos jornadas para definir los lineamientos estrat\u00e9gicos del organismo.<\/strong><\/p>\n<p>  <!--more-->  <\/p>\n<p style=\"text-align: justify;\"><strong>Santiago, 25 de agosto de 2014.<\/strong> Los d\u00edas 21 y 22 de agosto se realiz\u00f3 una jornada de reflexi\u00f3n en el marco del proceso de Planificaci\u00f3n Estrat\u00e9gica en el cual la Superintendencia est\u00e1 inmersa, en su segunda etapa. En la actividad participaron 28 funcionarios, representando a los distintos estamentos de nuestro servicio, incluyendo la participaci\u00f3n de los 3 jefes macro zonales.<\/p>\n<p style=\"text-align: justify;\">Uno de los puntos revisados durante estas jornadas fue el abordar conjuntamente el diagn\u00f3stico elaborado por la consultora Pensum. Dicha entidad recogi\u00f3 informaci\u00f3n a trav\u00e9s de: encuesta FODA a los funcionarios de la SMA; entrevistas a los jefes de Divisi\u00f3n y Focus Group entre los jefes de departamentos.<\/p>\n<p style=\"text-align: justify;\">Por otro lado, se recogi\u00f3 la opini\u00f3n de actores relevantes del \u00e1mbito de nuestra competencia, con el objeto de incorporar una visi\u00f3n externa respecto de la posici\u00f3n actual de la SMA y como \u00e9sta influye en el planteamiento de los desaf\u00edos estrat\u00e9gicos.<\/p>\n<p style=\"text-align: justify;\">Con esta informaci\u00f3n de base se trabaj\u00f3 en 4 equipos multidisciplinarios, los cuales estuvieron a cargo de la definici\u00f3n preliminar de: Misi\u00f3n, Visi\u00f3n, Ejes y Objetivos Estrat\u00e9gicos.<\/p>\n<p style=\"text-align: justify;\">El resultado de esta segunda etapa se har\u00e1 p\u00fablico durante el mes de septiembre, validando las definiciones previamente se\u00f1aladas y luego se realizar\u00e1 la difusi\u00f3n de estas a todos los integrantes de la SMA.<\/p>\n","protected":false},"excerpt":{"rendered":"<p>La SMA realiz\u00f3 un encuentro de dos jornadas para definir los lineamientos estrat\u00e9gicos del organismo.<\/p>\n","protected":false},"author":3,"featured_media":15965,"comment_status":"open","ping_status":"open","sticky":false,"template":"","format":"standard","meta":{"footnotes":""},"categories":[94],"tags":[],"class_list":["post-15966","post","type-post","status-publish","format-standard","has-post-thumbnail","hentry","category-notas-noticias"],"_links":{"self":[{"href":"https:\/\/portal.sma.gob.cl\/index.php\/wp-json\/wp\/v2\/posts\/15966","targetHints":{"allow":["GET"]}}],"collection":[{"href":"https:\/\/portal.sma.gob.cl\/index.php\/wp-json\/wp\/v2\/posts"}],"about":[{"href":"https:\/\/portal.sma.gob.cl\/index.php\/wp-json\/wp\/v2\/types\/post"}],"author":[{"embeddable":true,"href":"https:\/\/portal.sma.gob.cl\/index.php\/wp-json\/wp\/v2\/users\/3"}],"replies":[{"embeddable":true,"href":"https:\/\/portal.sma.gob.cl\/index.php\/wp-json\/wp\/v2\/comments?post=15966"}],"version-history":[{"count":0,"href":"https:\/\/portal.sma.gob.cl\/index.php\/wp-json\/wp\/v2\/posts\/15966\/revisions"}],"wp:featuredmedia":[{"embeddable":true,"href":"https:\/\/portal.sma.gob.cl\/index.php\/wp-json\/wp\/v2\/media\/15965"}],"wp:attachment":[{"href":"https:\/\/portal.sma.gob.cl\/index.php\/wp-json\/wp\/v2\/media?parent=15966"}],"wp:term":[{"taxonomy":"category","embeddable":true,"href":"https:\/\/portal.sma.gob.cl\/index.php\/wp-json\/wp\/v2\/categories?post=15966"},{"taxonomy":"post_tag","embeddable":true,"href":"https:\/\/portal.sma.gob.cl\/index.php\/wp-json\/wp\/v2\/tags?post=15966"}],"curies":[{"name":"wp","href":"https:\/\/api.w.org\/{rel}","templated":true}]}}