{"id":15972,"date":"2014-09-08T14:00:43","date_gmt":"2014-09-08T14:00:43","guid":{"rendered":"https:\/\/portal.sma.gob.cl\/index.php\/2014\/09\/08\/sma-expone-en-seminario-ambiental-en-punta-arenas\/"},"modified":"2014-09-08T14:00:43","modified_gmt":"2014-09-08T14:00:43","slug":"sma-expone-en-seminario-ambiental-en-punta-arenas","status":"publish","type":"post","link":"https:\/\/portal.sma.gob.cl\/index.php\/sma-expone-en-seminario-ambiental-en-punta-arenas\/","title":{"rendered":"SMA expone en seminario ambiental en Punta Arenas"},"content":{"rendered":"<p style=\"text-align: justify;\"><img decoding=\"async\" class=\"size-auto size-full wp-image-15971\" src=\"https:\/\/portal.sma.gob.cl\/wp-content\/uploads\/2014\/09\/760x_SMA_participa_en_seminario_del_Ej%C3%A9rcito.jpg\" alt=\"760x SMA participa en seminario del Ej\u00e9rcito\" width=\"760\" height=\"300\" \/>&nbsp;<\/p>\n<p style=\"text-align: justify;\"><strong style=\"font-size: 12.222222328186px; line-height: 1.3em;\">El profesional de la Divisi\u00f3n de Fiscalizaci\u00f3n, Andy Morrison, explic\u00f3 las funciones de la Superintendencia del Medio Ambiente (SMA) en el evento organizado por el Ej\u00e9rcito de Chile.<\/strong><\/p>\n<p>  <!--more-->  <\/p>\n<p style=\"text-align: justify;\"><strong>Punta Arenas, 5 de septiembre de 2014<\/strong>. La Superintendencia del Medio Ambiente (SMA) expuso sobre las funciones y competencias del organismo en el seminario \u201cInstitucionalidad Ambiental en la XII Regi\u00f3n de Magallanes y de la Ant\u00e1rtica Chilena\u201d, organizado por la V Divisi\u00f3n del Ej\u00e9rcito de Chile de Punta Arenas.<\/p>\n<p style=\"text-align: justify;\">En representaci\u00f3n de la SMA, el profesional de la Divisi\u00f3n de Fiscalizaci\u00f3n, Andy Morrison, explic\u00f3 las principales atribuciones que posee la entidad; las distintas etapas del procedimiento de fiscalizaci\u00f3n y sanci\u00f3n, vinculadas al cumplimiento de los instrumentos de gesti\u00f3n ambiental.<\/p>\n<p style=\"text-align: justify;\">Morrison explic\u00f3, temas como las competencias y atribuciones de la SMA; las formas de fiscalizaci\u00f3n; los programas y subprogramas de fiscalizaci\u00f3n y el r\u00e9gimen de sanciones, entre otros.<\/p>\n<p style=\"text-align: justify;\">En el encuentro, participaron funcionarios de todas las unidades de la V Divisi\u00f3n del Ej\u00e9rcito de Punta Arenas, adem\u00e1s de su Departamento de Medio Ambiente. Del mismo modo, expusieron profesionales de la Seremi del Medio Ambiente Magallanes, del Servicio de Evaluaci\u00f3n Ambiental (SEA), del Servicios Agr\u00edcola y Ganadero (SAG), de la Seremi de Salud Magallanes y la CONAF.<\/p>\n","protected":false},"excerpt":{"rendered":"<p>&nbsp; El profesional de la Divisi\u00f3n de Fiscalizaci\u00f3n, Andy Morrison, explic\u00f3 las funciones de la Superintendencia del Medio Ambiente (SMA) en el evento organizado por el Ej\u00e9rcito de Chile.<\/p>\n","protected":false},"author":3,"featured_media":15971,"comment_status":"open","ping_status":"open","sticky":false,"template":"","format":"standard","meta":{"footnotes":""},"categories":[94],"tags":[],"class_list":["post-15972","post","type-post","status-publish","format-standard","has-post-thumbnail","hentry","category-notas-noticias"],"_links":{"self":[{"href":"https:\/\/portal.sma.gob.cl\/index.php\/wp-json\/wp\/v2\/posts\/15972","targetHints":{"allow":["GET"]}}],"collection":[{"href":"https:\/\/portal.sma.gob.cl\/index.php\/wp-json\/wp\/v2\/posts"}],"about":[{"href":"https:\/\/portal.sma.gob.cl\/index.php\/wp-json\/wp\/v2\/types\/post"}],"author":[{"embeddable":true,"href":"https:\/\/portal.sma.gob.cl\/index.php\/wp-json\/wp\/v2\/users\/3"}],"replies":[{"embeddable":true,"href":"https:\/\/portal.sma.gob.cl\/index.php\/wp-json\/wp\/v2\/comments?post=15972"}],"version-history":[{"count":0,"href":"https:\/\/portal.sma.gob.cl\/index.php\/wp-json\/wp\/v2\/posts\/15972\/revisions"}],"wp:featuredmedia":[{"embeddable":true,"href":"https:\/\/portal.sma.gob.cl\/index.php\/wp-json\/wp\/v2\/media\/15971"}],"wp:attachment":[{"href":"https:\/\/portal.sma.gob.cl\/index.php\/wp-json\/wp\/v2\/media?parent=15972"}],"wp:term":[{"taxonomy":"category","embeddable":true,"href":"https:\/\/portal.sma.gob.cl\/index.php\/wp-json\/wp\/v2\/categories?post=15972"},{"taxonomy":"post_tag","embeddable":true,"href":"https:\/\/portal.sma.gob.cl\/index.php\/wp-json\/wp\/v2\/tags?post=15972"}],"curies":[{"name":"wp","href":"https:\/\/api.w.org\/{rel}","templated":true}]}}