{"id":15974,"date":"2014-09-08T14:48:26","date_gmt":"2014-09-08T14:48:26","guid":{"rendered":"https:\/\/portal.sma.gob.cl\/index.php\/2014\/09\/08\/sma-participa-en-consejo-consultivo-de-medio-ambiente-de-los-rios\/"},"modified":"2014-09-08T14:48:26","modified_gmt":"2014-09-08T14:48:26","slug":"sma-participa-en-consejo-consultivo-de-medio-ambiente-de-los-rios","status":"publish","type":"post","link":"https:\/\/portal.sma.gob.cl\/index.php\/sma-participa-en-consejo-consultivo-de-medio-ambiente-de-los-rios\/","title":{"rendered":"SMA participa en Consejo Consultivo de Medio Ambiente de Los R\u00edos"},"content":{"rendered":"<p style=\"text-align: justify;\"><strong><img decoding=\"async\" class=\"size-auto size-full wp-image-15973\" src=\"https:\/\/portal.sma.gob.cl\/wp-content\/uploads\/2014\/09\/760x_Edu_Rodriguez.jpg\" alt=\"760x Edu Rodriguez\" width=\"760\" height=\"300\" srcset=\"https:\/\/portal.sma.gob.cl\/wp-content\/uploads\/2014\/09\/760x_Edu_Rodriguez-200x79.jpg 200w, https:\/\/portal.sma.gob.cl\/wp-content\/uploads\/2014\/09\/760x_Edu_Rodriguez-300x118.jpg 300w, https:\/\/portal.sma.gob.cl\/wp-content\/uploads\/2014\/09\/760x_Edu_Rodriguez-400x158.jpg 400w, https:\/\/portal.sma.gob.cl\/wp-content\/uploads\/2014\/09\/760x_Edu_Rodriguez-600x237.jpg 600w, https:\/\/portal.sma.gob.cl\/wp-content\/uploads\/2014\/09\/760x_Edu_Rodriguez.jpg 760w\" sizes=\"(max-width: 760px) 100vw, 760px\" \/><\/strong><\/p>\n<p style=\"text-align: justify;\"><strong>El jefe de la Macro Zona Sur, Eduardo Rodr\u00edguez, expuso las funciones de la Superintendencia del Medio Ambiente (SMA).<\/strong><\/p>\n<p>  <!--more-->  <\/p>\n<p style=\"text-align: justify;\"><strong>Valdivia, 04 de septiembre de 2014<\/strong>. El jefe de la Macro Zona Sur de la Superintendencia del Medio Ambiente (SMA), Eduardo Rodr\u00edguez, particip\u00f3 en la sesi\u00f3n de septiembre del Consejo Consultivo Regional de Medio Ambiente de Los Lagos.<\/p>\n<p style=\"text-align: justify;\">Dicha instancia se llev\u00f3 a cabo en la Sala de Claustro del Instituto de Ciencias Ecol\u00f3gicas y Evolutivas, Facultad de Ciencias, Universidad Austral de Chile.<\/p>\n<p style=\"text-align: justify;\">A la cita asistieron representantes de la SMA como as\u00ed tambi\u00e9n el Tercer Tribunal Ambiental. El objetivo de la reuni\u00f3n fue tratar temas sobre el funcionamiento de ambas instituciones dentro del marco de la nueva institucionalidad ambiental, al igual que su relaci\u00f3n con el Servicio de Evaluaci\u00f3n Ambiental y el Ministerio de Medio Ambiente.<\/p>\n<p style=\"text-align: justify;\">\u201cEn la reuni\u00f3n pudimos explicar a los representantes de la sociedad c\u00f3mo funciona la SMA, sus atribuciones y los principales hitos que han ido marcando nuestro trabajo desde diciembre de 2012, cuando comenzamos a operar\u201d, dijo Eduardo Rodr\u00edguez. En la reuni\u00f3n, estuvieron presentes los consejeros y la Seremi de Medio Ambiente de Los R\u00edos, Carla Pe\u00f1a.<\/p>\n<p style=\"text-align: justify;\">El Consejo Consultivo Regional de Medio Ambiente es una entidad de participaci\u00f3n ciudadana que tiene como principal objetivo de \u201cpronunciarse sobre los instrumentos o materias que sean puestas a su consideraci\u00f3n, fortaleciendo la calidad t\u00e9cnica de los mismos y dejando constancias de las distintas visiones existentes\u201d, seg\u00fan la Ley 20.417.<\/p>\n<p style=\"text-align: justify;\">Dicho consejo busca incorporar los diferente actores de la comunidad y de esta forma se constituye con: dos representantes cient\u00edficos (representantes de Universidades del Consejo de Rectores de las Universidades Chilenas); dos representantes de organizaciones no gubernamentales sin fines de lucro; dos representantes del empresariado; dos representantes de los trabajadores; y un presentante del Ministerio del Medio Ambiente (SEREMI de Medio Ambiente).<\/p>\n<p style=\"text-align: justify;\">&nbsp;<\/p>\n","protected":false},"excerpt":{"rendered":"<p>El jefe de la Macro Zona Sur, Eduardo Rodr\u00edguez, expuso las funciones de la Superintendencia del Medio Ambiente (SMA).<\/p>\n","protected":false},"author":3,"featured_media":15973,"comment_status":"open","ping_status":"open","sticky":false,"template":"","format":"standard","meta":{"footnotes":""},"categories":[94],"tags":[],"class_list":["post-15974","post","type-post","status-publish","format-standard","has-post-thumbnail","hentry","category-notas-noticias"],"_links":{"self":[{"href":"https:\/\/portal.sma.gob.cl\/index.php\/wp-json\/wp\/v2\/posts\/15974","targetHints":{"allow":["GET"]}}],"collection":[{"href":"https:\/\/portal.sma.gob.cl\/index.php\/wp-json\/wp\/v2\/posts"}],"about":[{"href":"https:\/\/portal.sma.gob.cl\/index.php\/wp-json\/wp\/v2\/types\/post"}],"author":[{"embeddable":true,"href":"https:\/\/portal.sma.gob.cl\/index.php\/wp-json\/wp\/v2\/users\/3"}],"replies":[{"embeddable":true,"href":"https:\/\/portal.sma.gob.cl\/index.php\/wp-json\/wp\/v2\/comments?post=15974"}],"version-history":[{"count":0,"href":"https:\/\/portal.sma.gob.cl\/index.php\/wp-json\/wp\/v2\/posts\/15974\/revisions"}],"wp:featuredmedia":[{"embeddable":true,"href":"https:\/\/portal.sma.gob.cl\/index.php\/wp-json\/wp\/v2\/media\/15973"}],"wp:attachment":[{"href":"https:\/\/portal.sma.gob.cl\/index.php\/wp-json\/wp\/v2\/media?parent=15974"}],"wp:term":[{"taxonomy":"category","embeddable":true,"href":"https:\/\/portal.sma.gob.cl\/index.php\/wp-json\/wp\/v2\/categories?post=15974"},{"taxonomy":"post_tag","embeddable":true,"href":"https:\/\/portal.sma.gob.cl\/index.php\/wp-json\/wp\/v2\/tags?post=15974"}],"curies":[{"name":"wp","href":"https:\/\/api.w.org\/{rel}","templated":true}]}}