{"id":15978,"date":"2014-09-12T14:48:45","date_gmt":"2014-09-12T14:48:45","guid":{"rendered":"https:\/\/portal.sma.gob.cl\/index.php\/2014\/09\/12\/superintendente-se-reune-con-ministros-del-tercer-tribunal-ambiental\/"},"modified":"2014-09-12T14:48:45","modified_gmt":"2014-09-12T14:48:45","slug":"superintendente-se-reune-con-ministros-del-tercer-tribunal-ambiental","status":"publish","type":"post","link":"https:\/\/portal.sma.gob.cl\/index.php\/superintendente-se-reune-con-ministros-del-tercer-tribunal-ambiental\/","title":{"rendered":"Superintendente se re\u00fane con Ministros del Tercer Tribunal Ambiental"},"content":{"rendered":"<p style=\"text-align: justify;\"><strong><img decoding=\"async\" class=\"size-auto size-full wp-image-15977\" src=\"https:\/\/portal.sma.gob.cl\/wp-content\/uploads\/2014\/09\/760x_12-09-2014_SMA_visita_TA_de_Valdivia.jpg\" alt=\"760x 12-09-2014 SMA visita TA de Valdivia\" width=\"760\" height=\"300\" srcset=\"https:\/\/portal.sma.gob.cl\/wp-content\/uploads\/2014\/09\/760x_12-09-2014_SMA_visita_TA_de_Valdivia-200x79.jpg 200w, https:\/\/portal.sma.gob.cl\/wp-content\/uploads\/2014\/09\/760x_12-09-2014_SMA_visita_TA_de_Valdivia-300x118.jpg 300w, https:\/\/portal.sma.gob.cl\/wp-content\/uploads\/2014\/09\/760x_12-09-2014_SMA_visita_TA_de_Valdivia-400x158.jpg 400w, https:\/\/portal.sma.gob.cl\/wp-content\/uploads\/2014\/09\/760x_12-09-2014_SMA_visita_TA_de_Valdivia-600x237.jpg 600w, https:\/\/portal.sma.gob.cl\/wp-content\/uploads\/2014\/09\/760x_12-09-2014_SMA_visita_TA_de_Valdivia.jpg 760w\" sizes=\"(max-width: 760px) 100vw, 760px\" \/><\/strong><\/p>\n<p style=\"text-align: justify;\"><strong>En la reuni\u00f3n protocolar realizada en las oficinas de Valdivia de dicho organismo, se present\u00f3 la nueva org\u00e1nica de la SMA y la Planificaci\u00f3n Estrat\u00e9gica 2014-2018.<\/strong><\/p>\n<p>  <!--more-->  <\/p>\n<p style=\"text-align: justify;\"><span style=\"font-size: 12.222222328186px; line-height: 1.3em;\"><strong>Santiago, 11 de septiembre de 2014<\/strong>. El Superintendente del Medio Ambiente (TP), Cristi\u00e1n Franz, acompa\u00f1ado de la Fiscal del organismo, Dominique Herv\u00e9; la jefa de la Divisi\u00f3n de Sanciones, Marie Claude Plummer; el Jefe de Coordinaci\u00f3n Institucional, Juan Carlos Jorquera&nbsp;y el jefe de la Macro Zona Sur, Eduardo Rodr\u00edguez; sostuvieron ayer una reuni\u00f3n protocolar e informativa con el Tercer Tribunal Ambiental. Dicho Trbunal comenz\u00f3 sus funciones jurisdiccionales el 9 de diciembre 2013 y est\u00e1 compuesto por los Ministros Titulares, Michael Hantke (Presidente), Roberto Past\u00e9n y Jorge Retamal, adem\u00e1s de los Ministros Suplentes, Pablo Miranda, y Sibel Villalobos.<\/span><\/p>\n<p style=\"text-align: justify;\">En la cita, llevada a cabo en dependencias del Tribunal en Valdivia, el Superintendente Franz explic\u00f3 a los integrantes del tribunal los principales lineamientos estrat\u00e9gicos de la Superintendencia del Medio Ambiente (SMA) para el per\u00edodo 2014-2018, entre los que se encuentra el fortalecimiento regional de la instituci\u00f3n y la optimizaci\u00f3n de la funci\u00f3n sancionatoria de la entidad.<\/p>\n<p style=\"text-align: justify;\">En la conversaci\u00f3n se abordaron tambi\u00e9n otros temas de car\u00e1cter t\u00e9cnico jur\u00eddico de inter\u00e9s com\u00fan de los participantes en el encuentro. Finalmente se concord\u00f3 en la voluntad de reforzar los lazos de colaboraci\u00f3n que permitan a ambas entidades optimizar el desempe\u00f1o del rol que la normativa les asigna.<\/p>\n","protected":false},"excerpt":{"rendered":"<p>En la reuni\u00f3n protocolar realizada en las oficinas de Valdivia de dicho organismo, se present\u00f3 la nueva org\u00e1nica de la SMA y la Planificaci\u00f3n Estrat\u00e9gica 2014-2018.<\/p>\n","protected":false},"author":3,"featured_media":15977,"comment_status":"open","ping_status":"open","sticky":false,"template":"","format":"standard","meta":{"footnotes":""},"categories":[94],"tags":[],"class_list":["post-15978","post","type-post","status-publish","format-standard","has-post-thumbnail","hentry","category-notas-noticias"],"_links":{"self":[{"href":"https:\/\/portal.sma.gob.cl\/index.php\/wp-json\/wp\/v2\/posts\/15978","targetHints":{"allow":["GET"]}}],"collection":[{"href":"https:\/\/portal.sma.gob.cl\/index.php\/wp-json\/wp\/v2\/posts"}],"about":[{"href":"https:\/\/portal.sma.gob.cl\/index.php\/wp-json\/wp\/v2\/types\/post"}],"author":[{"embeddable":true,"href":"https:\/\/portal.sma.gob.cl\/index.php\/wp-json\/wp\/v2\/users\/3"}],"replies":[{"embeddable":true,"href":"https:\/\/portal.sma.gob.cl\/index.php\/wp-json\/wp\/v2\/comments?post=15978"}],"version-history":[{"count":0,"href":"https:\/\/portal.sma.gob.cl\/index.php\/wp-json\/wp\/v2\/posts\/15978\/revisions"}],"wp:featuredmedia":[{"embeddable":true,"href":"https:\/\/portal.sma.gob.cl\/index.php\/wp-json\/wp\/v2\/media\/15977"}],"wp:attachment":[{"href":"https:\/\/portal.sma.gob.cl\/index.php\/wp-json\/wp\/v2\/media?parent=15978"}],"wp:term":[{"taxonomy":"category","embeddable":true,"href":"https:\/\/portal.sma.gob.cl\/index.php\/wp-json\/wp\/v2\/categories?post=15978"},{"taxonomy":"post_tag","embeddable":true,"href":"https:\/\/portal.sma.gob.cl\/index.php\/wp-json\/wp\/v2\/tags?post=15978"}],"curies":[{"name":"wp","href":"https:\/\/api.w.org\/{rel}","templated":true}]}}