{"id":15982,"date":"2014-09-26T19:28:20","date_gmt":"2014-09-26T19:28:20","guid":{"rendered":"https:\/\/portal.sma.gob.cl\/index.php\/2014\/09\/26\/tercera-sesion-del-consejo-de-la-sociedad-civil-2014\/"},"modified":"2014-09-26T19:28:20","modified_gmt":"2014-09-26T19:28:20","slug":"tercera-sesion-del-consejo-de-la-sociedad-civil-2014","status":"publish","type":"post","link":"https:\/\/portal.sma.gob.cl\/index.php\/tercera-sesion-del-consejo-de-la-sociedad-civil-2014\/","title":{"rendered":"Tercera sesi\u00f3n del Consejo de la Sociedad Civil 2014"},"content":{"rendered":"<p style=\"text-align: justify;\"><strong><img decoding=\"async\" class=\"size-auto size-full wp-image-15981\" src=\"https:\/\/portal.sma.gob.cl\/wp-content\/uploads\/2014\/09\/760x_26-09-2014_SMA_realiza_tercer_sesi%C3%B3n_consejo_sociedad_civil.jpg\" alt=\"760x 26-09-2014 SMA realiza tercer sesi\u00f3n consejo sociedad civil\" width=\"760\" height=\"300\" \/><\/strong><\/p>\n<p style=\"text-align: justify;\"><strong>En el encuentro, los integrantes conocieron sobre c\u00f3mo funciona el modelo de sanciones de la Superintendencia del Medio Ambiente (SMA).<\/strong><\/p>\n<p>  <!--more-->  <\/p>\n<p style=\"text-align: justify;\"><strong>Santiago, 26 de septiembre de 2014<\/strong>. La Superintendencia del Medio Ambiente (SMA), en el marco de la Ley 20.500, Sobre Asociaciones y Participaci\u00f3n Ciudadana en la Gesti\u00f3n P\u00fablica, cit\u00f3 al Consejo de la Sociedad Civil para realizar su tercera sesi\u00f3n del presente a\u00f1o.<\/p>\n<p style=\"text-align: justify;\"><span style=\"font-size: 12.222222328186px; line-height: 1.3em;\">En esta ocasi\u00f3n, los representantes de la instancia aprendieron sobre c\u00f3mo funciona el \u201cModelo de determinaci\u00f3n de sanciones\u201d de la SMA. Este es el mecanismo institucional que emplea el organismo para sancionar las infracciones detectadas a los distintos instrumentos de gesti\u00f3n ambiental que tutela.<\/span><\/p>\n<p style=\"text-align: justify;\"><span style=\"font-size: 12.222222328186px; line-height: 1.3em;\">Marie Claude Plumer, jefa de la Divisi\u00f3n de Sanci\u00f3n y Cumplimiento, explic\u00f3 a los asistentes que la SMA recoge elementos de la teor\u00eda de sanciones efectivas, reconocidas a nivel internacional; empleando un modelo matem\u00e1tico para determinar las multas aplicadas.&nbsp;<\/span><\/p>\n<p style=\"text-align: justify;\">A\u00f1adi\u00f3 que la Superintendencia sigue los principios de sanci\u00f3n ambiental que recomienda la Organizaci\u00f3n para la Cooperaci\u00f3n y el Desarrollo Econ\u00f3mico (OCDE), los que se amparan en: disuasi\u00f3n, justicia econ\u00f3mica y proporcionalidad a la naturaleza de la infracci\u00f3n y al da\u00f1o causado.<\/p>\n<p style=\"text-align: justify;\">Al respecto, la SMA se ha comprometido a publicar la pol\u00edtica sancionatoria y monitorear que \u00e9sta efectivamente se cumpla. La entidad basa su modelo en tres elementos: La Ley Org\u00e1nica de la Superintendencia (LOSMA), su estrategia sancionatoria y un modelo matem\u00e1tico. Este \u00faltimo es una ecuaci\u00f3n que posee un componente del beneficio econ\u00f3mico obtenido m\u00e1s uno de afectaci\u00f3n, buscando eliminar cualquier lucro obtenido por parte del infractor.<\/p>\n<p style=\"text-align: justify;\">Por \u00faltimo, la profesional plante\u00f3 los futuros desaf\u00edos de la instituci\u00f3n, como crear una gu\u00eda del modelo de sanci\u00f3n, configurar un modelo de pago de la infracci\u00f3n, que sea conocido por el regulado, y hacer constantes revisiones al sistema de sanci\u00f3n para perfeccionarlo en el tiempo.<\/p>\n<p style=\"text-align: justify;\"><strong>Participantes de la reuni\u00f3n<\/strong><\/p>\n<p style=\"text-align: justify;\">En la sesi\u00f3n de hoy, participaron nueve miembros del Consejo: Su presidente, Sergio Montenegro (Centro de Derecho Ambiental de la U. de Chile); Paulina Riquelme (CPC); Jaime Esp\u00ednola (Sofofa); Ricardo Barra (UDEC); Javier Gallego (CEP); Christi\u00e1n Valenzuela (CIRN); Ignacio Urbina (Comunidad y Justicia); Ana Mar\u00eda Mu\u00f1oz (CUT) y Felipe Leiva (UDD).<\/p>\n<p style=\"text-align: justify;\">El Consejo tiene un car\u00e1cter consultivo, representativo, plural y diverso. Tambi\u00e9n participa en los procesos de consulta de los planes, programas o pol\u00edticas en materia de seguimiento y fiscalizaci\u00f3n ambiental que la instituci\u00f3n estime pertinente. La instancia est\u00e1 integrada por 10 representantes de gremios, ONG, universidades y centros de estudio.<\/p>\n","protected":false},"excerpt":{"rendered":"<p>En el encuentro, los integrantes conocieron sobre c\u00f3mo funciona el modelo de sanciones de la Superintendencia del Medio Ambiente (SMA).<\/p>\n","protected":false},"author":3,"featured_media":15981,"comment_status":"open","ping_status":"open","sticky":false,"template":"","format":"standard","meta":{"footnotes":""},"categories":[94],"tags":[],"class_list":["post-15982","post","type-post","status-publish","format-standard","has-post-thumbnail","hentry","category-notas-noticias"],"_links":{"self":[{"href":"https:\/\/portal.sma.gob.cl\/index.php\/wp-json\/wp\/v2\/posts\/15982","targetHints":{"allow":["GET"]}}],"collection":[{"href":"https:\/\/portal.sma.gob.cl\/index.php\/wp-json\/wp\/v2\/posts"}],"about":[{"href":"https:\/\/portal.sma.gob.cl\/index.php\/wp-json\/wp\/v2\/types\/post"}],"author":[{"embeddable":true,"href":"https:\/\/portal.sma.gob.cl\/index.php\/wp-json\/wp\/v2\/users\/3"}],"replies":[{"embeddable":true,"href":"https:\/\/portal.sma.gob.cl\/index.php\/wp-json\/wp\/v2\/comments?post=15982"}],"version-history":[{"count":0,"href":"https:\/\/portal.sma.gob.cl\/index.php\/wp-json\/wp\/v2\/posts\/15982\/revisions"}],"wp:featuredmedia":[{"embeddable":true,"href":"https:\/\/portal.sma.gob.cl\/index.php\/wp-json\/wp\/v2\/media\/15981"}],"wp:attachment":[{"href":"https:\/\/portal.sma.gob.cl\/index.php\/wp-json\/wp\/v2\/media?parent=15982"}],"wp:term":[{"taxonomy":"category","embeddable":true,"href":"https:\/\/portal.sma.gob.cl\/index.php\/wp-json\/wp\/v2\/categories?post=15982"},{"taxonomy":"post_tag","embeddable":true,"href":"https:\/\/portal.sma.gob.cl\/index.php\/wp-json\/wp\/v2\/tags?post=15982"}],"curies":[{"name":"wp","href":"https:\/\/api.w.org\/{rel}","templated":true}]}}