{"id":15984,"date":"2014-09-30T15:49:08","date_gmt":"2014-09-30T15:49:08","guid":{"rendered":"https:\/\/portal.sma.gob.cl\/index.php\/2014\/09\/30\/se-inicia-segundo-taller-de-fiscalizadores-sma\/"},"modified":"2014-09-30T15:49:08","modified_gmt":"2014-09-30T15:49:08","slug":"se-inicia-segundo-taller-de-fiscalizadores-sma","status":"publish","type":"post","link":"https:\/\/portal.sma.gob.cl\/index.php\/se-inicia-segundo-taller-de-fiscalizadores-sma\/","title":{"rendered":"Se inicia segundo taller de fiscalizadores SMA"},"content":{"rendered":"<p style=\"text-align: justify;\"><strong><img decoding=\"async\" class=\"size-auto size-full wp-image-15983\" src=\"https:\/\/portal.sma.gob.cl\/wp-content\/uploads\/2014\/09\/760x30-09-2014_SMA_realiza_segundo_taller_fiscalizaci%C3%B3n.jpg\" alt=\"760x30-09-2014 SMA realiza segundo taller fiscalizaci\u00f3n\" width=\"760\" height=\"300\" \/><\/strong><\/p>\n<p style=\"text-align: justify;\"><strong>La instancia, liderada por el jefe de la Divisi\u00f3n de Fiscalizaci\u00f3n, Rub\u00e9n Verdugo, busca evaluar los procesos de la Superintendencia del Medio Ambiente.<\/strong><\/p>\n<p>  <!--more-->  <\/p>\n<p style=\"text-align: justify;\"><strong>Santiago, 30 de septiembre de 2014<\/strong>. Esta ma\u00f1ana comenz\u00f3 el segundo Taller de Fiscalizaci\u00f3n de la Superintendencia del Medio Ambiente. La reuni\u00f3n congrega a todos los fiscalizadores de la Superintendencia del Medio Ambiente (SMA) a nivel nacional para analizar la gesti\u00f3n de la Divisi\u00f3n de Fiscalizaci\u00f3n, sus procedimientos y posibles mejoras.<\/p>\n<p style=\"text-align: justify;\">El Superintendente del Medio Ambiente (TP), Cristi\u00e1n Franz, dio la bienvenida al encuentro y explic\u00f3 a los funcionarios que \u201ceste a\u00f1o lanzamos la Red Nacional de Fiscalizaci\u00f3n Ambiental (RENFA), que es un esfuerzo significativo de convergencia entre 15 servicios p\u00fablicos y la SMA. En 2015 buscaremos que \u00e9sta se exprese descentralizadamente a trav\u00e9s de la implementaci\u00f3n de Redes Regionales de Fiscalizaci\u00f3n Ambiental para que exista una instancia de coordinaci\u00f3n entre los distintos servicios p\u00fablicos con competencia ambiental en cada regi\u00f3n de Chile, mejorando la respuesta del Estado frente a los incumplimientos ambientales\u201d.<\/p>\n<p style=\"text-align: justify;\">En tanto, el jefe de la Divisi\u00f3n de Fiscalizaci\u00f3n, Rub\u00e9n Verdugo, explic\u00f3 que el encuentro busca analizar la estructura de la divisi\u00f3n, revisar el estado de los indicadores de la divisi\u00f3n, y profundizar en el concepto de la Fiscalizaci\u00f3n Ambiental Estrat\u00e9gica, crucial para la SMA. Verdugo agreg\u00f3 que para seguir en el esfuerzo de coordinar labores con otros servicios, al encuentro se invitaron a jefes divisionales de la Seremi de Salud, SAG y Directemar. \u201cEsta es una instancia para compartir las experiencias vividas durante 2014 y buscar mejoras para la planificaci\u00f3n que haremos hacia 2015\u201d, indic\u00f3 el jefe de Fiscalizaci\u00f3n.<\/p>\n","protected":false},"excerpt":{"rendered":"<p>La instancia, liderada por el jefe de la Divisi\u00f3n de Fiscalizaci\u00f3n, Rub\u00e9n Verdugo, busca evaluar los procesos de la Superintendencia del Medio Ambiente.<\/p>\n","protected":false},"author":3,"featured_media":15983,"comment_status":"open","ping_status":"open","sticky":false,"template":"","format":"standard","meta":{"footnotes":""},"categories":[94],"tags":[],"class_list":["post-15984","post","type-post","status-publish","format-standard","has-post-thumbnail","hentry","category-notas-noticias"],"_links":{"self":[{"href":"https:\/\/portal.sma.gob.cl\/index.php\/wp-json\/wp\/v2\/posts\/15984","targetHints":{"allow":["GET"]}}],"collection":[{"href":"https:\/\/portal.sma.gob.cl\/index.php\/wp-json\/wp\/v2\/posts"}],"about":[{"href":"https:\/\/portal.sma.gob.cl\/index.php\/wp-json\/wp\/v2\/types\/post"}],"author":[{"embeddable":true,"href":"https:\/\/portal.sma.gob.cl\/index.php\/wp-json\/wp\/v2\/users\/3"}],"replies":[{"embeddable":true,"href":"https:\/\/portal.sma.gob.cl\/index.php\/wp-json\/wp\/v2\/comments?post=15984"}],"version-history":[{"count":0,"href":"https:\/\/portal.sma.gob.cl\/index.php\/wp-json\/wp\/v2\/posts\/15984\/revisions"}],"wp:featuredmedia":[{"embeddable":true,"href":"https:\/\/portal.sma.gob.cl\/index.php\/wp-json\/wp\/v2\/media\/15983"}],"wp:attachment":[{"href":"https:\/\/portal.sma.gob.cl\/index.php\/wp-json\/wp\/v2\/media?parent=15984"}],"wp:term":[{"taxonomy":"category","embeddable":true,"href":"https:\/\/portal.sma.gob.cl\/index.php\/wp-json\/wp\/v2\/categories?post=15984"},{"taxonomy":"post_tag","embeddable":true,"href":"https:\/\/portal.sma.gob.cl\/index.php\/wp-json\/wp\/v2\/tags?post=15984"}],"curies":[{"name":"wp","href":"https:\/\/api.w.org\/{rel}","templated":true}]}}