{"id":15986,"date":"2014-09-30T16:03:14","date_gmt":"2014-09-30T16:03:14","guid":{"rendered":"https:\/\/portal.sma.gob.cl\/index.php\/2014\/09\/30\/sma-presenta-avances-en-el-proceso-de-planificacion-estrategica-2014-2018\/"},"modified":"2014-09-30T16:03:14","modified_gmt":"2014-09-30T16:03:14","slug":"sma-presenta-avances-en-el-proceso-de-planificacion-estrategica-2014-2018","status":"publish","type":"post","link":"https:\/\/portal.sma.gob.cl\/index.php\/sma-presenta-avances-en-el-proceso-de-planificacion-estrategica-2014-2018\/","title":{"rendered":"SMA presenta avances en el proceso de Planificaci\u00f3n Estrat\u00e9gica 2014-2018"},"content":{"rendered":"<p><img decoding=\"async\" class=\"size-auto size-full wp-image-15985\" src=\"https:\/\/portal.sma.gob.cl\/wp-content\/uploads\/2014\/09\/760x_30-09-2014_SMA_presenta_su_Plan_Estrat%C3%A9gico.jpg\" alt=\"760x 30-09-2014 SMA presenta su Plan Estrat\u00e9gico\" width=\"760\" height=\"300\" \/><\/p>\n<p><strong>El Superintendente del Medio Ambiente (TP), Cristi\u00e1n Franz, explic\u00f3 a los funcionarios de la SMA los resultados alcanzados hasta la fecha en el proceso de planificaci\u00f3n estrat\u00e9gica comenzado en mayo pasado.<\/strong><\/p>\n<p>  <!--more-->  <\/p>\n<p style=\"text-align: justify;\"><strong>Santiago, 30 de septiembre de 2014.<\/strong> M\u00e1s de 100 funcionarios de la Superintendencia del Medio Ambiente (SMA) asistieron hoy a la presentaci\u00f3n de los avances en el proceso de Planificaci\u00f3n Estrat\u00e9gica 2014-2018, que busca definir la misi\u00f3n, la visi\u00f3n y los objetivos estrat\u00e9gicos de la instituci\u00f3n para este per\u00edodo.<\/p>\n<p style=\"text-align: justify;\">El encuentro fue liderado por el Superintendente del Medio Ambiente (TP), Cristi\u00e1n Franz, quien explic\u00f3 que luego de asumir el cargo en marzo de 2014, encontr\u00f3 \u201cdificultades propias de un organismo reci\u00e9n creado y que necesitaban ser subsanadas en un contexto de crecimiento institucional\u201d. Por esta raz\u00f3n, se decidi\u00f3 dar inicio a un proceso de reflexi\u00f3n y definiciones estrat\u00e9gicas comenzado con el diagn\u00f3stico de las fortalezas, amenazas, debilidades y oportunidades de la SMA, para establecer a partir de all\u00ed el plan estrat\u00e9gico a cuatros a\u00f1os plazo.<\/p>\n<p style=\"text-align: justify;\">\u201cEste es un primer paso que estamos dando como Superintendencia, para tener una instituci\u00f3n bien enfocada, con las ideas y las metas claras que nos permitan cumplir con \u00e9xito las tareas que nos han sido encomendadas en el marco de la nueva institucionalidad ambiental. \u201cQueremos una organizaci\u00f3n m\u00e1s aceitada y que funcione mejor\u201d, dijo Franz, agregando que \u2013en este sentido- el organismo se abocar\u00e1 a partir de ahora al an\u00e1lisis de las sinapsis entre las distintas divisiones, departamentos y \u00e1reas de la SMA, con el fin de ajustar los procesos, los flujos de informaci\u00f3n y los v\u00ednculos internos de toda la instituci\u00f3n.<\/p>\n<p style=\"text-align: justify;\"><strong>Nueva visi\u00f3n y misi\u00f3n<\/strong><\/p>\n<p style=\"text-align: justify;\">En la oportunidad, los consultores de la empresa Pensum, contratada para ayudar en el proceso, explicaron el procedimiento que se sigui\u00f3 para realizar un diagn\u00f3stico del funcionamiento actual de la SMA, el cual incluy\u00f3 focus group, encuestas a todos los funcionarios as\u00ed como entrevistas a actores relevantes del mundo ambiental, entre ellos representantes del mundo acad\u00e9mico, de ONG y el ex Superintendente de la SMA.<\/p>\n<p style=\"text-align: justify;\">Con todos estos antecedentes, se definieron los ejes que deben mover el actuar de la SMA. Como misi\u00f3n se defini\u00f3 que \u201cla SMA es el organismo encargado de proteger el medioambiente y la salud de las personas, asegurando el respeto a la normativa ambiental\u201d. Esto, considerando una visi\u00f3n donde el organismo busca \u201cun pa\u00eds responsable con su medio ambiente\u201d.<\/p>\n<p style=\"text-align: justify;\">Los valores que se definieron para los funcionarios de la SMA son: la Excelencia; Compromiso institucional; Trabajo colaborativo, Confidencialidad y Transparencia. Luego, se plantearon los ejes estrat\u00e9gicos con objetivos espec\u00edficos a cumplir, con el fin de aterrizar cada uno de estos lineamientos.<\/p>\n<p style=\"text-align: justify;\">\u201cEstos resultados nos van encaminando hacia la SMA que queremos. Indudablemente, en los pr\u00f3ximos meses y a\u00f1os corresponder\u00e1 continuar revisando esta misi\u00f3n y estos objetivos estrat\u00e9gicos\u201d dijo el Superintendente Franz, agregando que \u201cla revisi\u00f3n en este proceso es fundamental y nos ir\u00e1 ense\u00f1ando los ajustes que ser\u00e1 necesario introducir. Por ahora, quisimos establecer una visi\u00f3n audaz y provocadora que realmente convoque a toda nuestra gente en pos de objetivos y metas ambiciosas, imprimi\u00e9ndole sentido de urgencia y trascendencia a nuestro trabajo\u201d.<\/p>\n<h3 style=\"line-height: 15.8079996109009px; text-align: justify;\"><strong>M\u00e1s informaci\u00f3n en&nbsp;<a class=\"doclink\" href=\"index.php?option=com_docman&amp;task=doc_download&amp;gid=296&amp;Itemid=280\"><img decoding=\"async\" class=\" size-full wp-image-15480\" src=\"https:\/\/portal.sma.gob.cl\/wp-content\/uploads\/2012\/07\/pdf.png\" alt=\"icon\" border=\"0\" width=\"16\" height=\"16\" \/>&nbsp;Informe de Planificaci\u00f3n Estrat\u00e9gica 2014<\/a><\/strong><\/h3>\n","protected":false},"excerpt":{"rendered":"<p>El Superintendente del Medio Ambiente (TP), Cristi\u00e1n Franz, explic\u00f3 a los funcionarios de la SMA los resultados alcanzados hasta la fecha en el proceso de planificaci\u00f3n estrat\u00e9gica comenzado en mayo pasado.<\/p>\n","protected":false},"author":3,"featured_media":15985,"comment_status":"open","ping_status":"open","sticky":false,"template":"","format":"standard","meta":{"footnotes":""},"categories":[94],"tags":[],"class_list":["post-15986","post","type-post","status-publish","format-standard","has-post-thumbnail","hentry","category-notas-noticias"],"_links":{"self":[{"href":"https:\/\/portal.sma.gob.cl\/index.php\/wp-json\/wp\/v2\/posts\/15986","targetHints":{"allow":["GET"]}}],"collection":[{"href":"https:\/\/portal.sma.gob.cl\/index.php\/wp-json\/wp\/v2\/posts"}],"about":[{"href":"https:\/\/portal.sma.gob.cl\/index.php\/wp-json\/wp\/v2\/types\/post"}],"author":[{"embeddable":true,"href":"https:\/\/portal.sma.gob.cl\/index.php\/wp-json\/wp\/v2\/users\/3"}],"replies":[{"embeddable":true,"href":"https:\/\/portal.sma.gob.cl\/index.php\/wp-json\/wp\/v2\/comments?post=15986"}],"version-history":[{"count":0,"href":"https:\/\/portal.sma.gob.cl\/index.php\/wp-json\/wp\/v2\/posts\/15986\/revisions"}],"wp:featuredmedia":[{"embeddable":true,"href":"https:\/\/portal.sma.gob.cl\/index.php\/wp-json\/wp\/v2\/media\/15985"}],"wp:attachment":[{"href":"https:\/\/portal.sma.gob.cl\/index.php\/wp-json\/wp\/v2\/media?parent=15986"}],"wp:term":[{"taxonomy":"category","embeddable":true,"href":"https:\/\/portal.sma.gob.cl\/index.php\/wp-json\/wp\/v2\/categories?post=15986"},{"taxonomy":"post_tag","embeddable":true,"href":"https:\/\/portal.sma.gob.cl\/index.php\/wp-json\/wp\/v2\/tags?post=15986"}],"curies":[{"name":"wp","href":"https:\/\/api.w.org\/{rel}","templated":true}]}}