{"id":15990,"date":"2014-10-06T14:46:12","date_gmt":"2014-10-06T14:46:12","guid":{"rendered":"https:\/\/portal.sma.gob.cl\/index.php\/2014\/10\/06\/sma-expone-en-universidad-de-la-frontera\/"},"modified":"2014-10-06T14:46:12","modified_gmt":"2014-10-06T14:46:12","slug":"sma-expone-en-universidad-de-la-frontera","status":"publish","type":"post","link":"https:\/\/portal.sma.gob.cl\/index.php\/sma-expone-en-universidad-de-la-frontera\/","title":{"rendered":"SMA expone en Universidad de la Frontera"},"content":{"rendered":"<p style=\"text-align: justify;\"><strong><img decoding=\"async\" class=\"size-auto size-full wp-image-15989\" src=\"https:\/\/portal.sma.gob.cl\/wp-content\/uploads\/2014\/10\/760_Z_29-09-2014_X_SMA_siste_a_seminario_en_la_UFRO.jpg\" alt=\"760 Z 29-09-2014 X SMA siste a seminario en la UFRO\" width=\"760\" height=\"300\" srcset=\"https:\/\/portal.sma.gob.cl\/wp-content\/uploads\/2014\/10\/760_Z_29-09-2014_X_SMA_siste_a_seminario_en_la_UFRO-200x79.jpg 200w, https:\/\/portal.sma.gob.cl\/wp-content\/uploads\/2014\/10\/760_Z_29-09-2014_X_SMA_siste_a_seminario_en_la_UFRO-300x118.jpg 300w, https:\/\/portal.sma.gob.cl\/wp-content\/uploads\/2014\/10\/760_Z_29-09-2014_X_SMA_siste_a_seminario_en_la_UFRO-400x158.jpg 400w, https:\/\/portal.sma.gob.cl\/wp-content\/uploads\/2014\/10\/760_Z_29-09-2014_X_SMA_siste_a_seminario_en_la_UFRO-600x237.jpg 600w, https:\/\/portal.sma.gob.cl\/wp-content\/uploads\/2014\/10\/760_Z_29-09-2014_X_SMA_siste_a_seminario_en_la_UFRO.jpg 760w\" sizes=\"(max-width: 760px) 100vw, 760px\" \/><\/strong><\/p>\n<p style=\"text-align: justify;\"><strong>El jefe de la Macro Zona Sur, Eduardo Rodr\u00edguez, particip\u00f3 en la conferencia \u201cNueva Institucionalidad Ambiental en Chile\u201d, dictada en la sede de Ciencias Jur\u00eddicas y Empresariales en Temuco.<\/strong><\/p>\n<p>  <!--more-->  <\/p>\n<p style=\"text-align: justify;\"><strong>Temuco, 29 de septiembre de 2014<\/strong>. \u201cLa nueva institucionalidad ambiental busca que Chile tenga una mejor protecci\u00f3n de su medio ambiente, con un Ministerio encargado de la pol\u00edtica ambiental de largo plazo, un Servicio de Evaluaci\u00f3n que se encarga de establecer los permisos para que los proyectos puedan operar, permisos que a su vez ser\u00e1n fiscalizados con rigurosidad por la Superintendencia\u201d. Con estas palabras, el jefe de la Macro Zona Sur de la SMA, Eduardo Rodr\u00edguez, comenz\u00f3 su ponencia ante estudiantes y acad\u00e9micos de la Universidad de la Frontera (UFRO).<\/p>\n<p style=\"text-align: justify;\">Rodr\u00edguez expuso en la conferencia \u201cNueva Institucionalidad Ambiental en Chile\u201d, realizada en el tercer piso de la facultad de Ciencias Jur\u00eddicas y Empresariales de la UFRO en Temuco.<\/p>\n<p style=\"text-align: justify;\">\u201cLa misi\u00f3n de la SMA es velar por el medio ambiente y la salud de las personas, asegurando el cumplimiento de la normativa ambiental\u201d, explic\u00f3 Rodr\u00edguez, agregando que entre las materias que vigila la SMA est\u00e1n las normas de calidad y emisi\u00f3n, los Planes de Descontaminaci\u00f3n y las Resoluciones de Calificaci\u00f3n Ambiental (RCA).<\/p>\n","protected":false},"excerpt":{"rendered":"<p>El jefe de la Macro Zona Sur, Eduardo Rodr\u00edguez, particip\u00f3 en la conferencia \u201cNueva Institucionalidad Ambiental en Chile\u201d, dictada en la sede de Ciencias Jur\u00eddicas y Empresariales en Temuco.<\/p>\n","protected":false},"author":3,"featured_media":15989,"comment_status":"open","ping_status":"open","sticky":false,"template":"","format":"standard","meta":{"footnotes":""},"categories":[94],"tags":[],"class_list":["post-15990","post","type-post","status-publish","format-standard","has-post-thumbnail","hentry","category-notas-noticias"],"_links":{"self":[{"href":"https:\/\/portal.sma.gob.cl\/index.php\/wp-json\/wp\/v2\/posts\/15990","targetHints":{"allow":["GET"]}}],"collection":[{"href":"https:\/\/portal.sma.gob.cl\/index.php\/wp-json\/wp\/v2\/posts"}],"about":[{"href":"https:\/\/portal.sma.gob.cl\/index.php\/wp-json\/wp\/v2\/types\/post"}],"author":[{"embeddable":true,"href":"https:\/\/portal.sma.gob.cl\/index.php\/wp-json\/wp\/v2\/users\/3"}],"replies":[{"embeddable":true,"href":"https:\/\/portal.sma.gob.cl\/index.php\/wp-json\/wp\/v2\/comments?post=15990"}],"version-history":[{"count":0,"href":"https:\/\/portal.sma.gob.cl\/index.php\/wp-json\/wp\/v2\/posts\/15990\/revisions"}],"wp:featuredmedia":[{"embeddable":true,"href":"https:\/\/portal.sma.gob.cl\/index.php\/wp-json\/wp\/v2\/media\/15989"}],"wp:attachment":[{"href":"https:\/\/portal.sma.gob.cl\/index.php\/wp-json\/wp\/v2\/media?parent=15990"}],"wp:term":[{"taxonomy":"category","embeddable":true,"href":"https:\/\/portal.sma.gob.cl\/index.php\/wp-json\/wp\/v2\/categories?post=15990"},{"taxonomy":"post_tag","embeddable":true,"href":"https:\/\/portal.sma.gob.cl\/index.php\/wp-json\/wp\/v2\/tags?post=15990"}],"curies":[{"name":"wp","href":"https:\/\/api.w.org\/{rel}","templated":true}]}}