{"id":15992,"date":"2014-10-09T18:07:53","date_gmt":"2014-10-09T18:07:53","guid":{"rendered":"https:\/\/portal.sma.gob.cl\/index.php\/2014\/10\/09\/superintendente-asiste-al-primer-foro-interamericano-de-justicia-ambiental\/"},"modified":"2014-10-09T18:07:53","modified_gmt":"2014-10-09T18:07:53","slug":"superintendente-asiste-al-primer-foro-interamericano-de-justicia-ambiental","status":"publish","type":"post","link":"https:\/\/portal.sma.gob.cl\/index.php\/superintendente-asiste-al-primer-foro-interamericano-de-justicia-ambiental\/","title":{"rendered":"Superintendente asiste al  Primer Foro Interamericano de Justicia Ambiental"},"content":{"rendered":"<p style=\"text-align: justify;\">&nbsp;<img decoding=\"async\" class=\"size-auto size-full wp-image-15991\" src=\"https:\/\/portal.sma.gob.cl\/wp-content\/uploads\/2014\/10\/760x_09-10-2014_SMA_asiste_a_foro_de_justicia_ambiental.jpg\" alt=\"760x 09-10-2014 SMA asiste a foro de justicia ambiental\" width=\"760\" height=\"300\" srcset=\"https:\/\/portal.sma.gob.cl\/wp-content\/uploads\/2014\/10\/760x_09-10-2014_SMA_asiste_a_foro_de_justicia_ambiental-200x79.jpg 200w, https:\/\/portal.sma.gob.cl\/wp-content\/uploads\/2014\/10\/760x_09-10-2014_SMA_asiste_a_foro_de_justicia_ambiental-300x118.jpg 300w, https:\/\/portal.sma.gob.cl\/wp-content\/uploads\/2014\/10\/760x_09-10-2014_SMA_asiste_a_foro_de_justicia_ambiental-400x158.jpg 400w, https:\/\/portal.sma.gob.cl\/wp-content\/uploads\/2014\/10\/760x_09-10-2014_SMA_asiste_a_foro_de_justicia_ambiental-600x237.jpg 600w, https:\/\/portal.sma.gob.cl\/wp-content\/uploads\/2014\/10\/760x_09-10-2014_SMA_asiste_a_foro_de_justicia_ambiental.jpg 760w\" sizes=\"(max-width: 760px) 100vw, 760px\" \/><\/p>\n<p style=\"text-align: justify;\"><strong>El Superintendente del Medio Ambiente (TP), Cristi\u00e1n Franz, concurri\u00f3 al evento donde participan delegados de organismos y tribunales de diferentes pa\u00edses.<\/strong><\/p>\n<p>  <!--more-->  <\/p>\n<p style=\"text-align: justify;\"><strong>Santiago, 09 de octubre de 2014<\/strong>. El Superintendente del Medio Ambiente (TP), Cristi\u00e1n Franz, asisti\u00f3 esta ma\u00f1ana a la inauguraci\u00f3n del Primer Foro Interamericano de Justicia Ambiental, que se realiza entre hoy y ma\u00f1ana en el Hotel Crowne Plaza de Santiago.<\/p>\n<p style=\"text-align: justify;\">La sesi\u00f3n de esta jornada comenz\u00f3 con la exposici\u00f3n del Presidente del Segundo Tribunal Ambiental de Santiago, Jos\u00e9 Ignacio V\u00e1squez, quien resalt\u00f3 la importancia de este tipo de iniciativas. \u201cEl a\u00f1o pasado acordamos la realizaci\u00f3n de este foro, que es una instancia de debate internacional que nos permita tener una visi\u00f3n amplia de lo que pasa en materia de justicia ambiental, a nivel continental. Esperemos que se repita y permanezca en el tiempo\u201d, dijo.<\/p>\n<p style=\"text-align: justify;\">A su turno, tambi\u00e9n dirigi\u00f3 unas palabras el ministro del Medio Ambiente, Pablo Badenier. La autoridad destac\u00f3 el trabajo de nuestro pa\u00eds en el marco de la nueva Institucionalidad Ambiental. \u201cEs un honor ser anfitri\u00f3n como pa\u00eds, de un encuentro de esta naturaleza. En los \u00faltimos a\u00f1os, Chile ha impulsado reformas estructurales, lo cual ha sido fundamental para llevar a cabo una pol\u00edtica ambiental coherente, que responda a las necesidades de los habitantes. La institucionalidad ambiental creada en Chile descansa sobre la base de la autonom\u00eda de cada uno de los organismos creados y la coordinaci\u00f3n de los mismos\u201d, sostuvo.<\/p>\n<p style=\"text-align: justify;\">En la jornada, los panelistas que participaron fueron: Jaime Pedro de la Puente, Presidente del Tribunal de Fiscalizaci\u00f3n Ambiental del Organismo de Evaluaci\u00f3n y Fiscalizaci\u00f3n Ambiental (OEFA) de Per\u00fa; Eloy Espinosa-Salda\u00f1a, magistrado del Tribunal Constitucional de Per\u00fa; Enrique Navarro, profesor de derecho constitucional de la Universidad de Chile; Carlos Ram\u00edrez, Presidente de la Corte Nacional de Justicia de Ecuador; Mar\u00eda Rojas, Presidenta del Consejo de Estado de Colombia, entre otros.<\/p>\n<p style=\"text-align: justify;\">Los presentes pudieron hacer preguntas y debatir con los expositores sobre las tem\u00e1ticas del \u201cAcceso a la Justicia Ambiental: Garant\u00edas Constitucionales y Convenciones Internacionales\u201d y de las \u201cProyecciones para la jurisdicci\u00f3n ambiental\u201d.<\/p>\n<p style=\"text-align: justify;\">Este foro es el primero de su tipo y sus participantes esperan replicarlo el pr\u00f3ximo a\u00f1o, en alg\u00fan otro pa\u00eds del continente.<\/p>\n<h3 style=\"text-align: justify;\">M\u00e1s informaci\u00f3n en: <a href=\"http:\/\/www.tribunalambiental.cl\/2ta\/tribunal-ambiental-de-santiago-reunira-a-magistrados-y-expertos-de-todo-el-continente-para-analizar-aplicacion-de-la-justicia-ambiental-en-america\/\">TRIBUNAL AMBIENTAL<\/a><\/h3>\n","protected":false},"excerpt":{"rendered":"<p>&nbsp; El Superintendente del Medio Ambiente (TP), Cristi\u00e1n Franz, concurri\u00f3 al evento donde participan delegados de organismos y tribunales de diferentes pa\u00edses.<\/p>\n","protected":false},"author":3,"featured_media":15991,"comment_status":"open","ping_status":"open","sticky":false,"template":"","format":"standard","meta":{"footnotes":""},"categories":[94],"tags":[],"class_list":["post-15992","post","type-post","status-publish","format-standard","has-post-thumbnail","hentry","category-notas-noticias"],"_links":{"self":[{"href":"https:\/\/portal.sma.gob.cl\/index.php\/wp-json\/wp\/v2\/posts\/15992","targetHints":{"allow":["GET"]}}],"collection":[{"href":"https:\/\/portal.sma.gob.cl\/index.php\/wp-json\/wp\/v2\/posts"}],"about":[{"href":"https:\/\/portal.sma.gob.cl\/index.php\/wp-json\/wp\/v2\/types\/post"}],"author":[{"embeddable":true,"href":"https:\/\/portal.sma.gob.cl\/index.php\/wp-json\/wp\/v2\/users\/3"}],"replies":[{"embeddable":true,"href":"https:\/\/portal.sma.gob.cl\/index.php\/wp-json\/wp\/v2\/comments?post=15992"}],"version-history":[{"count":0,"href":"https:\/\/portal.sma.gob.cl\/index.php\/wp-json\/wp\/v2\/posts\/15992\/revisions"}],"wp:featuredmedia":[{"embeddable":true,"href":"https:\/\/portal.sma.gob.cl\/index.php\/wp-json\/wp\/v2\/media\/15991"}],"wp:attachment":[{"href":"https:\/\/portal.sma.gob.cl\/index.php\/wp-json\/wp\/v2\/media?parent=15992"}],"wp:term":[{"taxonomy":"category","embeddable":true,"href":"https:\/\/portal.sma.gob.cl\/index.php\/wp-json\/wp\/v2\/categories?post=15992"},{"taxonomy":"post_tag","embeddable":true,"href":"https:\/\/portal.sma.gob.cl\/index.php\/wp-json\/wp\/v2\/tags?post=15992"}],"curies":[{"name":"wp","href":"https:\/\/api.w.org\/{rel}","templated":true}]}}