{"id":15994,"date":"2014-10-14T19:36:14","date_gmt":"2014-10-14T19:36:14","guid":{"rendered":"https:\/\/portal.sma.gob.cl\/index.php\/2014\/10\/14\/presidenta-de-la-republica-confirma-en-el-cargo-al-superintendente-del-medio-ambiente-sr-cristian-franz-despues-de-riguroso-proceso-de-seleccion-realizado-por-el-sistema-de-alta-direccion-publica\/"},"modified":"2014-10-14T19:36:14","modified_gmt":"2014-10-14T19:36:14","slug":"presidenta-de-la-republica-confirma-en-el-cargo-al-superintendente-del-medio-ambiente-sr-cristian-franz-despues-de-riguroso-proceso-de-seleccion-realizado-por-el-sistema-de-alta-direccion-publica","status":"publish","type":"post","link":"https:\/\/portal.sma.gob.cl\/index.php\/presidenta-de-la-republica-confirma-en-el-cargo-al-superintendente-del-medio-ambiente-sr-cristian-franz-despues-de-riguroso-proceso-de-seleccion-realizado-por-el-sistema-de-alta-direccion-publica\/","title":{"rendered":"Presidenta de la Rep\u00fablica confirma en el cargo al Superintendente del Medio Ambiente, Cristi\u00e1n Franz, despu\u00e9s de riguroso proceso de selecci\u00f3n realizado por el Sistema de ADP"},"content":{"rendered":"<p><strong style=\"text-align: justify; font-size: 12.222222328186px; line-height: 1.3em;\"><img decoding=\"async\" class=\"size-auto size-full wp-image-15993\" src=\"https:\/\/portal.sma.gob.cl\/wp-content\/uploads\/2014\/10\/760x_14-10-2014_DP_confirma_en_cargo_a_superintendente.jpg\" alt=\"760x 14-10-2014 DP confirma en cargo a superintendente\" width=\"760\" height=\"300\" srcset=\"https:\/\/portal.sma.gob.cl\/wp-content\/uploads\/2014\/10\/760x_14-10-2014_DP_confirma_en_cargo_a_superintendente-200x79.jpg 200w, https:\/\/portal.sma.gob.cl\/wp-content\/uploads\/2014\/10\/760x_14-10-2014_DP_confirma_en_cargo_a_superintendente-300x118.jpg 300w, https:\/\/portal.sma.gob.cl\/wp-content\/uploads\/2014\/10\/760x_14-10-2014_DP_confirma_en_cargo_a_superintendente-400x158.jpg 400w, https:\/\/portal.sma.gob.cl\/wp-content\/uploads\/2014\/10\/760x_14-10-2014_DP_confirma_en_cargo_a_superintendente-600x237.jpg 600w, https:\/\/portal.sma.gob.cl\/wp-content\/uploads\/2014\/10\/760x_14-10-2014_DP_confirma_en_cargo_a_superintendente.jpg 760w\" sizes=\"(max-width: 760px) 100vw, 760px\" \/><\/strong><\/p>\n<p><strong style=\"text-align: justify; font-size: 12.222222328186px; line-height: 1.3em;\">Tras un concurso p\u00fablico en el que participaron m\u00e1s de 220 candidatos y realizado a trav\u00e9s del Sistema de Alta Direcci\u00f3n P\u00fablica, se ratific\u00f3 su nombramiento el que, desde el pasado 14 de marzo, detentaba en calidad provisional y transitorio.<\/strong><\/p>\n<p>  <!--more-->  <\/p>\n<p style=\"text-align: justify;\"><strong>Santiago, 14 de octubre de 2014<\/strong>. La Presidenta de la Rep\u00fablica, Michelle Bachelet, nombr\u00f3 a Cristian Franz Thorud como Superintendente del Medio Ambiente, tras un concurso p\u00fablico realizado a trav\u00e9s del Sistema de Alta Direcci\u00f3n P\u00fablica.<\/p>\n<p style=\"text-align: justify;\">Franz, quien lideraba el organismo, de manera provisional y transitoria desde el pasado 14 de marzo, tiene una larga trayectoria en el \u00e1rea ambiental, con m\u00e1s de 25 a\u00f1os de experiencia. Es abogado de la Universidad de Chile, con post\u00edtulos en Derecho Internacional Ambiental, Ecolog\u00eda, Responsabilidad Civil Extracontractual y An\u00e1lisis de Riesgos Ambientales y Sociales, obtenidos en Chile, Costa Rica y Estados Unidos, respectivamente.<\/p>\n<p style=\"text-align: justify;\">El Superintendente ha desarrollado su actividad profesional a nivel nacional e internacional, tanto en el sector p\u00fablico como privado, destacando su paso por el Banco Interamericano de Desarrollo (BID), desempe\u00f1\u00e1ndose all\u00ed como Especialista Ambiental Senior en la sede del Banco en Washington DC durante 6 a\u00f1os. En esta calidad, coordin\u00f3 el equipo de clasificaci\u00f3n de riesgo social y ambiental de los proyectos financiados por el BID, a partir de los lineamientos del Banco en materia ambiental, de reasentamientos involuntarios, de pueblos ind\u00edgenas y de gesti\u00f3n de desastres naturales.<\/p>\n<p style=\"text-align: justify;\">En esa posici\u00f3n, intervino en el an\u00e1lisis de riesgos de m\u00e1s de 200 proyectos por montos de inversi\u00f3n superiores a los US$ 15 mil millones. Adem\u00e1s, coordin\u00f3 equipos de trabajo tanto de personal del BID, como de los gobiernos nacionales para la elaboraci\u00f3n de una Metodolog\u00eda de Evaluaci\u00f3n Ambiental y Social -con Enfoque Estrat\u00e9gico (EASE IIRSA)- por medio de talleres regionales y grupos de trabajo, con el fin de implementar dicha metodolog\u00eda en Argentina, Chile, Per\u00fa, Ecuador y Colombia.<\/p>\n<p style=\"text-align: justify;\"><strong>Concurso p\u00fablico<\/strong><\/p>\n<p style=\"text-align: justify;\">El concurso para proveer el cargo de Superintendente del Medio Ambiente se inici\u00f3 el 01 de junio pasado con la publicaci\u00f3n de la convocatoria en medios de circulaci\u00f3n nacional, regionales y en el sitio web del Servicio Civil. Se recibieron alrededor de 220 postulaciones, hasta su cierre el 30 de junio 2014. La empresa consultora SYB efectu\u00f3 la evaluaci\u00f3n de todos ellos y propuso al Consejo de Alta Direcci\u00f3n P\u00fablica una n\u00f3mina 11 candidato\/as, los cuales fueron entrevistados por el Consejo en Pleno.<\/p>\n<p style=\"text-align: justify;\">En septiembre pasado, el Consejo envi\u00f3 una terna con los mejores candidatos del proceso a la Presidenta de la Rep\u00fablica, Michelle Bachelet, quien luego de examinar las calificaciones y argumentos del Consejo de Alta Direcci\u00f3n P\u00fablica, procedi\u00f3 a nombrar en calidad de Superintendente del Medio Ambiente a Cristi\u00e1n Franz.<\/p>\n<p style=\"text-align: justify;\">De esta forma, y de acuerdo a la Ley del Sistema de ADP vigente, el Superintendente Franz desempe\u00f1ar\u00e1 su cargo por los pr\u00f3ximos tres a\u00f1os, pudiendo ser renovado su mandato hasta dos veces por igual plazo.<\/p>\n<p>&nbsp;<\/p>\n","protected":false},"excerpt":{"rendered":"<p>Tras un concurso p\u00fablico en el que participaron m\u00e1s de 220 candidatos y realizado a trav\u00e9s del Sistema de Alta Direcci\u00f3n P\u00fablica, se ratific\u00f3 su nombramiento el que, desde el pasado 14 de marzo, detentaba en calidad provisional y transitorio.<\/p>\n","protected":false},"author":3,"featured_media":15993,"comment_status":"open","ping_status":"open","sticky":false,"template":"","format":"standard","meta":{"footnotes":""},"categories":[94],"tags":[],"class_list":["post-15994","post","type-post","status-publish","format-standard","has-post-thumbnail","hentry","category-notas-noticias"],"_links":{"self":[{"href":"https:\/\/portal.sma.gob.cl\/index.php\/wp-json\/wp\/v2\/posts\/15994","targetHints":{"allow":["GET"]}}],"collection":[{"href":"https:\/\/portal.sma.gob.cl\/index.php\/wp-json\/wp\/v2\/posts"}],"about":[{"href":"https:\/\/portal.sma.gob.cl\/index.php\/wp-json\/wp\/v2\/types\/post"}],"author":[{"embeddable":true,"href":"https:\/\/portal.sma.gob.cl\/index.php\/wp-json\/wp\/v2\/users\/3"}],"replies":[{"embeddable":true,"href":"https:\/\/portal.sma.gob.cl\/index.php\/wp-json\/wp\/v2\/comments?post=15994"}],"version-history":[{"count":0,"href":"https:\/\/portal.sma.gob.cl\/index.php\/wp-json\/wp\/v2\/posts\/15994\/revisions"}],"wp:featuredmedia":[{"embeddable":true,"href":"https:\/\/portal.sma.gob.cl\/index.php\/wp-json\/wp\/v2\/media\/15993"}],"wp:attachment":[{"href":"https:\/\/portal.sma.gob.cl\/index.php\/wp-json\/wp\/v2\/media?parent=15994"}],"wp:term":[{"taxonomy":"category","embeddable":true,"href":"https:\/\/portal.sma.gob.cl\/index.php\/wp-json\/wp\/v2\/categories?post=15994"},{"taxonomy":"post_tag","embeddable":true,"href":"https:\/\/portal.sma.gob.cl\/index.php\/wp-json\/wp\/v2\/tags?post=15994"}],"curies":[{"name":"wp","href":"https:\/\/api.w.org\/{rel}","templated":true}]}}