{"id":16000,"date":"2014-10-22T15:38:42","date_gmt":"2014-10-22T15:38:42","guid":{"rendered":"https:\/\/portal.sma.gob.cl\/index.php\/2014\/10\/22\/superintendente-se-reune-con-autoridades-de-la-region-de-valparaiso\/"},"modified":"2014-10-22T15:38:42","modified_gmt":"2014-10-22T15:38:42","slug":"superintendente-se-reune-con-autoridades-de-la-region-de-valparaiso","status":"publish","type":"post","link":"https:\/\/portal.sma.gob.cl\/index.php\/superintendente-se-reune-con-autoridades-de-la-region-de-valparaiso\/","title":{"rendered":"Superintendente se re\u00fane con autoridades de la Regi\u00f3n de Valpara\u00edso"},"content":{"rendered":"<p style=\"text-align: justify;\"><strong><img decoding=\"async\" class=\"size-auto size-full wp-image-15999\" src=\"https:\/\/portal.sma.gob.cl\/wp-content\/uploads\/2014\/10\/760_x_21-10-2014_Superintendendente_visita_a_intendente_de_Valpara%C3%ADso.jpg\" alt=\"760 x 21-10-2014 Superintendendente visita a intendente de Valpara\u00edso\" width=\"760\" height=\"300\" \/><\/strong><\/p>\n<p style=\"text-align: justify;\"><strong>La reuni\u00f3n de trabajo con el Intendente, Ricardo Bravo, y Seremis de la Regi\u00f3n, trat\u00f3 los principales temas ambientales de la zona.<\/strong><\/p>\n<p>  <!--more-->  <\/p>\n<p style=\"text-align: justify;\"><strong>Valpara\u00edso, 21 de octubre de 2014<\/strong>. El Superintendente del Medio Ambiente, Cristi\u00e1n Franz, se reuni\u00f3 con autoridades de la Regi\u00f3n de Valpara\u00edso, en dependencias de la Intendencia Regional, con el fin de analizar y hacer un diagn\u00f3stico de algunas problem\u00e1ticas ambientales patentes hoy en la zona.<\/p>\n<p style=\"text-align: justify;\">En la reuni\u00f3n de trabajo, participaron el intendente, Ricardo Bravo; la gobernadora de San Antonio, Graciela Salazar; la Seremi de Salud, Mar\u00eda Graciela Astudillo; la Seremi de Medio Ambiente, Tania Bertoglio; y profesionales del Ministerio de Vivienda y Urbanismo. En la cita se abordaron los principales temas ambientales que hoy preocupan a la poblaci\u00f3n de la Regi\u00f3n de Valpara\u00edso.<\/p>\n<p style=\"text-align: justify;\">De este modo, discutieron las condiciones en las que se encuentran instalaciones industriales, proyectos inmobiliarios que revisten repercusiones ambientales y tambi\u00e9n examinaron la situaci\u00f3n de las llamadas de zonas sometidas a \u201cestr\u00e9s\u201d ambiental.<\/p>\n<p style=\"text-align: justify;\">Al respecto, Franz destac\u00f3 la importancia de la coordinaci\u00f3n institucional para resolver estos problemas. \u201cCreemos que por todos estos casos, es relevante que potenciemos la Red Nacional de Fiscalizaci\u00f3n Ambiental, RENFA. Incluso, ser\u00eda necesario conformar una Red Regional de Valpara\u00edso, que pueda ver en forma espec\u00edfica los temas de fiscalizaci\u00f3n en la zona, para abordar institucionalmente las tem\u00e1ticas de corto y largo plazo, de las principales problem\u00e1ticas que afectan la regi\u00f3n\u201d, sostuvo.<\/p>\n","protected":false},"excerpt":{"rendered":"<p>La reuni\u00f3n de trabajo con el Intendente, Ricardo Bravo, y Seremis de la Regi\u00f3n, trat\u00f3 los principales temas ambientales de la zona.<\/p>\n","protected":false},"author":3,"featured_media":15999,"comment_status":"open","ping_status":"open","sticky":false,"template":"","format":"standard","meta":{"footnotes":""},"categories":[94],"tags":[],"class_list":["post-16000","post","type-post","status-publish","format-standard","has-post-thumbnail","hentry","category-notas-noticias"],"_links":{"self":[{"href":"https:\/\/portal.sma.gob.cl\/index.php\/wp-json\/wp\/v2\/posts\/16000","targetHints":{"allow":["GET"]}}],"collection":[{"href":"https:\/\/portal.sma.gob.cl\/index.php\/wp-json\/wp\/v2\/posts"}],"about":[{"href":"https:\/\/portal.sma.gob.cl\/index.php\/wp-json\/wp\/v2\/types\/post"}],"author":[{"embeddable":true,"href":"https:\/\/portal.sma.gob.cl\/index.php\/wp-json\/wp\/v2\/users\/3"}],"replies":[{"embeddable":true,"href":"https:\/\/portal.sma.gob.cl\/index.php\/wp-json\/wp\/v2\/comments?post=16000"}],"version-history":[{"count":0,"href":"https:\/\/portal.sma.gob.cl\/index.php\/wp-json\/wp\/v2\/posts\/16000\/revisions"}],"wp:featuredmedia":[{"embeddable":true,"href":"https:\/\/portal.sma.gob.cl\/index.php\/wp-json\/wp\/v2\/media\/15999"}],"wp:attachment":[{"href":"https:\/\/portal.sma.gob.cl\/index.php\/wp-json\/wp\/v2\/media?parent=16000"}],"wp:term":[{"taxonomy":"category","embeddable":true,"href":"https:\/\/portal.sma.gob.cl\/index.php\/wp-json\/wp\/v2\/categories?post=16000"},{"taxonomy":"post_tag","embeddable":true,"href":"https:\/\/portal.sma.gob.cl\/index.php\/wp-json\/wp\/v2\/tags?post=16000"}],"curies":[{"name":"wp","href":"https:\/\/api.w.org\/{rel}","templated":true}]}}