{"id":16002,"date":"2014-10-22T18:34:51","date_gmt":"2014-10-22T18:34:51","guid":{"rendered":"https:\/\/portal.sma.gob.cl\/index.php\/2014\/10\/22\/sma-realiza-taller-ambiental-en-valparaiso\/"},"modified":"2014-10-22T18:34:51","modified_gmt":"2014-10-22T18:34:51","slug":"sma-realiza-taller-ambiental-en-valparaiso","status":"publish","type":"post","link":"https:\/\/portal.sma.gob.cl\/index.php\/sma-realiza-taller-ambiental-en-valparaiso\/","title":{"rendered":"SMA realiza taller ambiental en Valpara\u00edso"},"content":{"rendered":"<p style=\"text-align: justify;\"><strong><img decoding=\"async\" class=\"size-auto size-full wp-image-16001\" src=\"https:\/\/portal.sma.gob.cl\/wp-content\/uploads\/2014\/10\/760_x_21-10-2014_SMA_realiza_taller_de_fiscalizaci%C3%B3n_en_Valpara%C3%ADso.jpg\" alt=\"760 x 21-10-2014 SMA realiza taller de fiscalizaci\u00f3n en Valpara\u00edso\" width=\"760\" height=\"300\" \/><\/strong><\/p>\n<p style=\"text-align: justify;\"><strong>La Superintendencia del Medio Ambiente (SMA) inaugur\u00f3 un nuevo ciclo de talleres destinados a capacitar a empresas fiscalizadas por el organismo.<\/strong><\/p>\n<p>  <!--more-->  <\/p>\n<p style=\"text-align: justify;\"><strong>Valpara\u00edso, 21 de octubre de 2014<\/strong>. La Superintendencia del Medio Ambiente (SMA) inaugur\u00f3 en Valpara\u00edso la primera de tres jornadas que se realizar\u00e1n a lo largo del pa\u00eds, llamadas \u201cTalleres de Asistencia al Cumplimiento Ambiental\u201d. Estas buscan explicar a representantes de empresas, gremios y acad\u00e9micos, c\u00f3mo funcionan los mecanismos de fiscalizaci\u00f3n y sanci\u00f3n de la SMA.<\/p>\n<p style=\"text-align: justify;\">Esta primera jornada de taller convoc\u00f3 a titulares de Resoluciones de Calificaci\u00f3n Ambiental (RCA) de la Macro Zona Centro del pa\u00eds, que abarca desde las regiones de Coquimbo hasta El Maule. El programa del evento incluy\u00f3 la difusi\u00f3n de criterios y procedimientos de fiscalizaci\u00f3n, mecanismos sancionatorios y de promoci\u00f3n del cumplimiento, y aspectos jur\u00eddicos de la acci\u00f3n de la SMA.<\/p>\n<p style=\"text-align: justify;\">En la oportunidad, participaron m\u00e1s de 140 profesionales y trabajadores de diferentes empresas de la zona. La instancia la encabez\u00f3 el Superintendente del Medio Ambiente, Cristi\u00e1n Franz, quien agradeci\u00f3 la concurrida asistencia. \u201cEs reconfortante apreciar el inter\u00e9s que ha despertado esta jornada, porque para la Superintendencia es fundamental difundir los aspectos m\u00e1s relevantes de la nueva institucionalidad ambiental que hoy nos rige en Chile y explicar a la gente qu\u00e9 estamos haciendo como Superintendencia\u201d, se\u00f1al\u00f3.<\/p>\n<p style=\"text-align: justify;\">A la par, el Superintendente explic\u00f3 que \u201cla SMA no busca sancionar a las empresas. Ojal\u00e1 cada vez que fiscalicemos no encontremos incumplimientos, sino s\u00f3lo empresas que cumplen y respetan la normativa ambiental\u201d. Franz a\u00f1adi\u00f3 que \u201clamentablemente, a la luz de nuestra corta vida institucional no podr\u00eda afirmar que haya sido \u00e9sta nuestra experiencia habitual. Sin ir m\u00e1s lejos, en dos a\u00f1os de operaci\u00f3n hemos tenido que iniciar m\u00e1s de 150 procedimientos sancionatorios\u201d.<\/p>\n<p style=\"text-align: justify;\">A la par, el jefe de la Divisi\u00f3n de Fiscalizaci\u00f3n, Rub\u00e9n Verdugo, explic\u00f3 la organizaci\u00f3n interna de esa instancia y la forma en que se planifican y realizan las inspecciones en terreno. Marie Claude Plumer, jefa de la Divisi\u00f3n de Sanci\u00f3n y Cumplimiento, realiz\u00f3 una exposici\u00f3n sobre los criterios que utiliza la SMA a la hora de iniciar procedimientos sancionatorios, haciendo hincapi\u00e9 en que las empresas pueden presentar Programas de Cumplimiento para volver a ponerse al d\u00eda con sus obligaciones ambientales. En tanto, Osvaldo de la Fuente de Fiscal\u00eda, hizo un resumen general de las atribuciones de la SMA, haciendo hincapi\u00e9 en la transparencia activa que la ley exige a la Superintendencia, disponiendo de toda la informaci\u00f3n de Fiscalizaci\u00f3n y sanci\u00f3n en un sistema web accesible a todo p\u00fablico: el Sistema Nacional de Fiscalizaci\u00f3n Ambiental (<a href=\"http:\/\/snifa.sma.gob.cl\/registropublico\/snifahome\">SNIFA<\/a>).<\/p>\n<p style=\"text-align: justify;\">Pr\u00f3ximamente, la SMA realizar\u00e1 el segundo taller en la ciudad de Iquique, mientras que a fines de noviembre se llevar\u00e1 a cabo la \u00faltima jornada en la regi\u00f3n de Los Lagos.<\/p>\n<h3 style=\"text-align: justify;\">&nbsp;Descargar presentaciones:<\/h3>\n<p><a class=\"doclink\" href=\"index.php?option=com_docman&amp;task=doc_download&amp;gid=282&amp;Itemid=280\"><img decoding=\"async\" class=\" size-full wp-image-15480\" src=\"https:\/\/portal.sma.gob.cl\/wp-content\/uploads\/2012\/07\/pdf.png\" alt=\"icon\" border=\"0\" width=\"16\" height=\"16\" \/>&nbsp;Taller Asistencia al Cumplimiento Valpara\u00edso- Sanci\u00f3n Octubre 2014<\/a><\/p>\n<p><a class=\"doclink\" href=\"index.php?option=com_docman&amp;task=doc_download&amp;gid=283&amp;Itemid=280\"><img decoding=\"async\" class=\" size-full wp-image-15480\" src=\"https:\/\/portal.sma.gob.cl\/wp-content\/uploads\/2012\/07\/pdf.png\" alt=\"icon\" border=\"0\" width=\"16\" height=\"16\" \/>&nbsp;Taller Asistencia al Cumplimiento Valpara\u00edso- Fiscal\u00eda Octubre 2014<\/a><\/p>\n<p><a class=\"doclink\" href=\"index.php?option=com_docman&amp;task=doc_download&amp;gid=285&amp;Itemid=280\"><img decoding=\"async\" class=\" size-full wp-image-15480\" src=\"https:\/\/portal.sma.gob.cl\/wp-content\/uploads\/2012\/07\/pdf.png\" alt=\"icon\" border=\"0\" width=\"16\" height=\"16\" \/>&nbsp;Taller Asistencia al Cumplimiento Valpara\u00edso- Fiscalizaci\u00f3n Octubre 2014<\/a><\/p>\n<p>&nbsp;<\/p>\n<p style=\"text-align: justify;\">&nbsp;<\/p>\n","protected":false},"excerpt":{"rendered":"<p>La Superintendencia del Medio Ambiente (SMA) inaugur\u00f3 un nuevo ciclo de talleres destinados a capacitar a empresas fiscalizadas por el organismo.<\/p>\n","protected":false},"author":3,"featured_media":16001,"comment_status":"open","ping_status":"open","sticky":false,"template":"","format":"standard","meta":{"footnotes":""},"categories":[94],"tags":[],"class_list":["post-16002","post","type-post","status-publish","format-standard","has-post-thumbnail","hentry","category-notas-noticias"],"_links":{"self":[{"href":"https:\/\/portal.sma.gob.cl\/index.php\/wp-json\/wp\/v2\/posts\/16002","targetHints":{"allow":["GET"]}}],"collection":[{"href":"https:\/\/portal.sma.gob.cl\/index.php\/wp-json\/wp\/v2\/posts"}],"about":[{"href":"https:\/\/portal.sma.gob.cl\/index.php\/wp-json\/wp\/v2\/types\/post"}],"author":[{"embeddable":true,"href":"https:\/\/portal.sma.gob.cl\/index.php\/wp-json\/wp\/v2\/users\/3"}],"replies":[{"embeddable":true,"href":"https:\/\/portal.sma.gob.cl\/index.php\/wp-json\/wp\/v2\/comments?post=16002"}],"version-history":[{"count":0,"href":"https:\/\/portal.sma.gob.cl\/index.php\/wp-json\/wp\/v2\/posts\/16002\/revisions"}],"wp:featuredmedia":[{"embeddable":true,"href":"https:\/\/portal.sma.gob.cl\/index.php\/wp-json\/wp\/v2\/media\/16001"}],"wp:attachment":[{"href":"https:\/\/portal.sma.gob.cl\/index.php\/wp-json\/wp\/v2\/media?parent=16002"}],"wp:term":[{"taxonomy":"category","embeddable":true,"href":"https:\/\/portal.sma.gob.cl\/index.php\/wp-json\/wp\/v2\/categories?post=16002"},{"taxonomy":"post_tag","embeddable":true,"href":"https:\/\/portal.sma.gob.cl\/index.php\/wp-json\/wp\/v2\/tags?post=16002"}],"curies":[{"name":"wp","href":"https:\/\/api.w.org\/{rel}","templated":true}]}}