{"id":16004,"date":"2014-10-23T16:01:33","date_gmt":"2014-10-23T16:01:33","guid":{"rendered":"https:\/\/portal.sma.gob.cl\/index.php\/2014\/10\/23\/sma-recibe-a-delegacion-de-ecuador\/"},"modified":"2014-10-23T16:01:33","modified_gmt":"2014-10-23T16:01:33","slug":"sma-recibe-a-delegacion-de-ecuador","status":"publish","type":"post","link":"https:\/\/portal.sma.gob.cl\/index.php\/sma-recibe-a-delegacion-de-ecuador\/","title":{"rendered":"SMA recibe a delegaci\u00f3n de Ecuador"},"content":{"rendered":"<p style=\"text-align: justify;\"><strong><img decoding=\"async\" class=\"size-auto size-full wp-image-16003\" src=\"https:\/\/portal.sma.gob.cl\/wp-content\/uploads\/2014\/10\/760x_20-10-2014_SMA_se_reune_con_ecuador.jpg\" alt=\"760x 20-10-2014 SMA se reune con ecuador\" width=\"760\" height=\"300\" srcset=\"https:\/\/portal.sma.gob.cl\/wp-content\/uploads\/2014\/10\/760x_20-10-2014_SMA_se_reune_con_ecuador-200x79.jpg 200w, https:\/\/portal.sma.gob.cl\/wp-content\/uploads\/2014\/10\/760x_20-10-2014_SMA_se_reune_con_ecuador-300x118.jpg 300w, https:\/\/portal.sma.gob.cl\/wp-content\/uploads\/2014\/10\/760x_20-10-2014_SMA_se_reune_con_ecuador-400x158.jpg 400w, https:\/\/portal.sma.gob.cl\/wp-content\/uploads\/2014\/10\/760x_20-10-2014_SMA_se_reune_con_ecuador-600x237.jpg 600w, https:\/\/portal.sma.gob.cl\/wp-content\/uploads\/2014\/10\/760x_20-10-2014_SMA_se_reune_con_ecuador.jpg 760w\" sizes=\"(max-width: 760px) 100vw, 760px\" \/><\/strong><\/p>\n<p style=\"text-align: justify;\"><strong>Profesionales del Ministerio del Medio Ambiente de Ecuador participaron en una reuni\u00f3n t\u00e9cnica con la SMA para interiorizarse de las pr\u00e1cticas ambientales del organismo.<\/strong><\/p>\n<p>  <!--more-->  <\/p>\n<p style=\"text-align: justify;\"><strong>Santiago, 20 de octubre de 2014<\/strong>. Una delegaci\u00f3n de seis profesionales del Ministerio del Ambiente de Ecuador visit\u00f3 las dependencias de la Superintendencia del Medio Ambiente (SMA) para sostener una reuni\u00f3n t\u00e9cnica de trabajo junto a especialistas de la Divisi\u00f3n de Fiscalizaci\u00f3n del organismo, centrada en temas de inter\u00e9s para el Ministerio del Ambiente de Ecuador, como los impactos de la industria salmonera y la miner\u00eda sobre el medio ambiente.<\/p>\n<p style=\"text-align: justify;\">En la cita, participaron el jefe del \u00e1rea t\u00e9cnica de la Divisi\u00f3n de Fiscalizaci\u00f3n, Juan Eduardo Johnson; el jefe del \u00e1rea de Gesti\u00f3n, Iv\u00e1n Honorato; y el encargado del \u00e1rea de Biodiversidad, Cristi\u00e1n P\u00e9rez.<\/p>\n<p style=\"text-align: justify;\">Por parte de Ecuador, participaron Mar\u00eda Jos\u00e9 Cabrera y Pablo I\u00f1iguez, ambos de la Subsecretar\u00eda de Calidad Ambiental; Pilar Sol\u00eds, de la Subsecretar\u00eda de Gesti\u00f3n Marina y Costera; Oliver Loor y Byron Gonz\u00e1les, de direcciones provinciales de Ecuador, y Dar\u00edo Solano de Comunicaci\u00f3n del Ministerio del Ambiente.<\/p>\n<p style=\"text-align: justify;\">La reuni\u00f3n de trabajo abord\u00f3 las experiencias desarrolladas por la SMA en sus casi dos a\u00f1os de funcionamiento; como por ejemplo, tem\u00e1ticas asociadas a las inspecciones ambientales en terreno; elaboraci\u00f3n de informes; seguimiento ambiental, entre otros.<\/p>\n<p style=\"text-align: justify;\">Con estas reuniones se busca compartir criterios con el Ministerio del Ambiente de Ecuador para la implementaci\u00f3n de nuevas estructuras institucionales que est\u00e1 abordando ese pa\u00eds. El compartir experiencias entre pa\u00edses del continente es clave para profundizar los lazos creados en la Red Sudamericana de Fiscalizaci\u00f3n y Cumplimiento Ambiental.<\/p>\n","protected":false},"excerpt":{"rendered":"<p>Profesionales del Ministerio del Medio Ambiente de Ecuador participaron en una reuni\u00f3n t\u00e9cnica con la SMA para interiorizarse de las pr\u00e1cticas ambientales del organismo.<\/p>\n","protected":false},"author":3,"featured_media":16003,"comment_status":"open","ping_status":"open","sticky":false,"template":"","format":"standard","meta":{"footnotes":""},"categories":[94],"tags":[],"class_list":["post-16004","post","type-post","status-publish","format-standard","has-post-thumbnail","hentry","category-notas-noticias"],"_links":{"self":[{"href":"https:\/\/portal.sma.gob.cl\/index.php\/wp-json\/wp\/v2\/posts\/16004","targetHints":{"allow":["GET"]}}],"collection":[{"href":"https:\/\/portal.sma.gob.cl\/index.php\/wp-json\/wp\/v2\/posts"}],"about":[{"href":"https:\/\/portal.sma.gob.cl\/index.php\/wp-json\/wp\/v2\/types\/post"}],"author":[{"embeddable":true,"href":"https:\/\/portal.sma.gob.cl\/index.php\/wp-json\/wp\/v2\/users\/3"}],"replies":[{"embeddable":true,"href":"https:\/\/portal.sma.gob.cl\/index.php\/wp-json\/wp\/v2\/comments?post=16004"}],"version-history":[{"count":0,"href":"https:\/\/portal.sma.gob.cl\/index.php\/wp-json\/wp\/v2\/posts\/16004\/revisions"}],"wp:featuredmedia":[{"embeddable":true,"href":"https:\/\/portal.sma.gob.cl\/index.php\/wp-json\/wp\/v2\/media\/16003"}],"wp:attachment":[{"href":"https:\/\/portal.sma.gob.cl\/index.php\/wp-json\/wp\/v2\/media?parent=16004"}],"wp:term":[{"taxonomy":"category","embeddable":true,"href":"https:\/\/portal.sma.gob.cl\/index.php\/wp-json\/wp\/v2\/categories?post=16004"},{"taxonomy":"post_tag","embeddable":true,"href":"https:\/\/portal.sma.gob.cl\/index.php\/wp-json\/wp\/v2\/tags?post=16004"}],"curies":[{"name":"wp","href":"https:\/\/api.w.org\/{rel}","templated":true}]}}