{"id":16012,"date":"2014-10-29T20:09:21","date_gmt":"2014-10-29T20:09:21","guid":{"rendered":"https:\/\/portal.sma.gob.cl\/index.php\/2014\/10\/29\/sma-presenta-pagina-de-red-sudamericana-de-fiscalizacion-ambiental\/"},"modified":"2014-10-29T20:09:21","modified_gmt":"2014-10-29T20:09:21","slug":"sma-presenta-pagina-de-red-sudamericana-de-fiscalizacion-ambiental","status":"publish","type":"post","link":"https:\/\/portal.sma.gob.cl\/index.php\/sma-presenta-pagina-de-red-sudamericana-de-fiscalizacion-ambiental\/","title":{"rendered":"SMA presenta p\u00e1gina de Red Sudamericana de Fiscalizaci\u00f3n Ambiental"},"content":{"rendered":"<p style=\"text-align: justify;\"><strong><img decoding=\"async\" class=\"size-auto size-full wp-image-16011\" src=\"https:\/\/portal.sma.gob.cl\/wp-content\/uploads\/2014\/10\/Sin-ttulo-1.jpg\" alt=\"Sin ttulo-1\" width=\"760\" height=\"300\" srcset=\"https:\/\/portal.sma.gob.cl\/wp-content\/uploads\/2014\/10\/Sin-ttulo-1-200x79.jpg 200w, https:\/\/portal.sma.gob.cl\/wp-content\/uploads\/2014\/10\/Sin-ttulo-1-300x118.jpg 300w, https:\/\/portal.sma.gob.cl\/wp-content\/uploads\/2014\/10\/Sin-ttulo-1-400x158.jpg 400w, https:\/\/portal.sma.gob.cl\/wp-content\/uploads\/2014\/10\/Sin-ttulo-1-600x237.jpg 600w, https:\/\/portal.sma.gob.cl\/wp-content\/uploads\/2014\/10\/Sin-ttulo-1.jpg 760w\" sizes=\"(max-width: 760px) 100vw, 760px\" \/><\/strong><\/p>\n<p style=\"text-align: justify;\"><strong>El sitio web www.redsufica.org contiene informaci\u00f3n de organismos de fiscalizaci\u00f3n y sanci\u00f3n de Brasil, Per\u00fa, Chile, Colombia y Ecuador.<\/strong><\/p>\n<p>  <!--more-->  <\/p>\n<p style=\"text-align: justify;\"><strong>Ays\u00e9n, 29 de octubre de 2014.<\/strong> \u201cPara nosotros, es un orgullo presentar a ustedes el trabajo que desarroll\u00f3 la SMA en su primer a\u00f1o a cargo de la Presidencia de la Red Sudamericana de Fiscalizaci\u00f3n y Cumplimiento Ambiental (Redsufica)\u201d. Con estas palabras, el Superintendente del Medio Ambiente, Cristi\u00e1n Franz, present\u00f3 la p\u00e1gina web <a href=\"http:\/\/www.redsufica.org\">www.redsufica.org<\/a>, a fiscalizadores de organismos con competencia ambiental en la regi\u00f3n de Ays\u00e9n.<br \/>Esta web, forma parte de los compromisos adquiridos por la SMA, dentro del primer a\u00f1o de trabajo a cargo de la Presidencia de la Redsufica. Adem\u00e1s, durante 2014 realiz\u00f3 charlas, talleres y reuniones t\u00e9cnicas de trabajo para seguir afianzando los lazos con los pa\u00edses integrantes de la red.<br \/>La pr\u00f3xima semana, en el marco de la Segunda Reuni\u00f3n de la Red, se lanzar\u00e1 oficialmente el sitio web a todos los integrantes del organismo.<\/p>\n","protected":false},"excerpt":{"rendered":"<p>El sitio web www.redsufica.org contiene informaci\u00f3n de organismos de fiscalizaci\u00f3n y sanci\u00f3n de Brasil, Per\u00fa, Chile, Colombia y Ecuador.<\/p>\n","protected":false},"author":3,"featured_media":16011,"comment_status":"open","ping_status":"open","sticky":false,"template":"","format":"standard","meta":{"footnotes":""},"categories":[94],"tags":[],"class_list":["post-16012","post","type-post","status-publish","format-standard","has-post-thumbnail","hentry","category-notas-noticias"],"_links":{"self":[{"href":"https:\/\/portal.sma.gob.cl\/index.php\/wp-json\/wp\/v2\/posts\/16012","targetHints":{"allow":["GET"]}}],"collection":[{"href":"https:\/\/portal.sma.gob.cl\/index.php\/wp-json\/wp\/v2\/posts"}],"about":[{"href":"https:\/\/portal.sma.gob.cl\/index.php\/wp-json\/wp\/v2\/types\/post"}],"author":[{"embeddable":true,"href":"https:\/\/portal.sma.gob.cl\/index.php\/wp-json\/wp\/v2\/users\/3"}],"replies":[{"embeddable":true,"href":"https:\/\/portal.sma.gob.cl\/index.php\/wp-json\/wp\/v2\/comments?post=16012"}],"version-history":[{"count":0,"href":"https:\/\/portal.sma.gob.cl\/index.php\/wp-json\/wp\/v2\/posts\/16012\/revisions"}],"wp:featuredmedia":[{"embeddable":true,"href":"https:\/\/portal.sma.gob.cl\/index.php\/wp-json\/wp\/v2\/media\/16011"}],"wp:attachment":[{"href":"https:\/\/portal.sma.gob.cl\/index.php\/wp-json\/wp\/v2\/media?parent=16012"}],"wp:term":[{"taxonomy":"category","embeddable":true,"href":"https:\/\/portal.sma.gob.cl\/index.php\/wp-json\/wp\/v2\/categories?post=16012"},{"taxonomy":"post_tag","embeddable":true,"href":"https:\/\/portal.sma.gob.cl\/index.php\/wp-json\/wp\/v2\/tags?post=16012"}],"curies":[{"name":"wp","href":"https:\/\/api.w.org\/{rel}","templated":true}]}}