{"id":16014,"date":"2014-11-03T19:29:03","date_gmt":"2014-11-03T19:29:03","guid":{"rendered":"https:\/\/portal.sma.gob.cl\/index.php\/2014\/11\/03\/superintendente-destaca-trabajo-en-red-en-aysen\/"},"modified":"2014-11-03T19:29:03","modified_gmt":"2014-11-03T19:29:03","slug":"superintendente-destaca-trabajo-en-red-en-aysen","status":"publish","type":"post","link":"https:\/\/portal.sma.gob.cl\/index.php\/superintendente-destaca-trabajo-en-red-en-aysen\/","title":{"rendered":"Superintendente desarrolla intensa agenda de trabajo en Ays\u00e9n"},"content":{"rendered":"<p style=\"text-align: justify;\"><strong><img decoding=\"async\" class=\"size-auto size-full wp-image-16013\" src=\"https:\/\/portal.sma.gob.cl\/wp-content\/uploads\/2014\/11\/760_x03-11-2014_SMA_se_re%C3%BAne_con_autoridades_de_Ays%C3%A9n.jpg\" alt=\"760 x03-11-2014 SMA se re\u00fane con autoridades de Ays\u00e9n\" width=\"760\" height=\"300\" \/><\/strong><\/p>\n<p style=\"text-align: justify;\"><strong>Reuniones de trabajo con autoridades y visitas a terreno fueron las principales actividades realizadas por el Superintendente del Medio Ambiente, Cristi\u00e1n Franz.<\/strong><\/p>\n<p>  <!--more-->  <\/p>\n<p style=\"text-align: justify;\"><strong style=\"text-align: justify; font-size: 12.222222328186px; line-height: 1.3em;\">Ays\u00e9n, 30 de octubre de 2014<\/strong><span style=\"text-align: justify; font-size: 12.222222328186px; line-height: 1.3em;\">. El Superintendente del Medio Ambiente, Cristi\u00e1n Franz, realiz\u00f3 una visita a terreno en la Regi\u00f3n de Ays\u00e9n durante la \u00faltima semana de octubre. Entre sus actividades, figuraron reuniones con autoridades de la zona, y tambi\u00e9n visitas a diversos proyectos con Resoluciones de Calificaci\u00f3n Ambiental (RCA).<\/span><\/p>\n<p style=\"text-align: justify;\">El lunes 27 de octubre, durante su primer d\u00eda en la zona, Franz se reuni\u00f3 con la Intendente Ximena \u00d3rdenes y la Seremi de Medio Ambiente, Susana Figueroa, para tratar temas de importancia ambiental en la zona.<\/p>\n<p style=\"text-align: justify;\">El segundo d\u00eda de visita, el titular de la SMA realiz\u00f3 una presentaci\u00f3n de la Red Nacional de Fiscalizaci\u00f3n Ambiental (RENFA), a los seremis de Medio Ambiente, Susana Figueroa; Seremi de Agricultura, Horacio Vel\u00e1squez; el jefe de Acci\u00f3n Sanitaria de la Seremi de Salud, Luis Rodr\u00edguez; el Director (S) del SAG, Henry M\u00e9ndez; y el Director Regional de Conaf; Leonardo Y\u00e1\u00f1ez; y el Director Regional del SEA, Christian Betancourt.<\/p>\n<p style=\"text-align: justify;\">Posteriormente, particip\u00f3 en el Taller de Consulta del Programa de Fiscalizaci\u00f3n Ambiental 2015, actividad que se est\u00e1 llevando a cabo en todo el pa\u00eds para construir el plan de fiscalizaci\u00f3n anual de la SMA. En esta \u00faltima actividad tambi\u00e9n particip\u00f3 el jefe de la Macro Zona Sur, Eduardo Rodr\u00edguez, y el fiscalizador de la zona, \u00d3scar Leal.<\/p>\n<p style=\"text-align: justify;\">Durante la tarde, se realiz\u00f3 una reuni\u00f3n con el Director Regional de Sernapesca (S), Rodrigo Balladares, que trat\u00f3 sobre los temas relevantes para la regi\u00f3n, como el desarrollo de actividad acu\u00edcola en la zona, con los impactos que ello genera en los fiordos, r\u00edos y lagos de la zona, como tambi\u00e9n la actividad industrial asociada a ese sector econ\u00f3mico.<\/p>\n<p style=\"text-align: justify;\">\u201cPoder reunirse en las regiones con los jefes de servicios y fiscalizadores de los distintos organismos es crucial para definir el trabajo que debemos hacer en pos del medio ambiente. Esta visita nos ayuda a entender en terreno las prioridades de la regi\u00f3n de Ays\u00e9n\u201d, dijo el Superintendente, Cristi\u00e1n Franz. Adem\u00e1s, aprovech\u00f3 la oportunidad de dar a conocer la <a href=\"index.php\/noticias\/comunicados\/453-sma-formula-cargos-contra-minera-el-toqui\">formulaci\u00f3n de cargos a Minera El Toqui<\/a>, debido a diversos incumplimientos ambientales.<\/p>\n","protected":false},"excerpt":{"rendered":"<p>Reuniones de trabajo con autoridades y visitas a terreno fueron las principales actividades realizadas por el Superintendente del Medio Ambiente, Cristi\u00e1n Franz.<\/p>\n","protected":false},"author":3,"featured_media":16013,"comment_status":"open","ping_status":"open","sticky":false,"template":"","format":"standard","meta":{"footnotes":""},"categories":[94],"tags":[],"class_list":["post-16014","post","type-post","status-publish","format-standard","has-post-thumbnail","hentry","category-notas-noticias"],"_links":{"self":[{"href":"https:\/\/portal.sma.gob.cl\/index.php\/wp-json\/wp\/v2\/posts\/16014","targetHints":{"allow":["GET"]}}],"collection":[{"href":"https:\/\/portal.sma.gob.cl\/index.php\/wp-json\/wp\/v2\/posts"}],"about":[{"href":"https:\/\/portal.sma.gob.cl\/index.php\/wp-json\/wp\/v2\/types\/post"}],"author":[{"embeddable":true,"href":"https:\/\/portal.sma.gob.cl\/index.php\/wp-json\/wp\/v2\/users\/3"}],"replies":[{"embeddable":true,"href":"https:\/\/portal.sma.gob.cl\/index.php\/wp-json\/wp\/v2\/comments?post=16014"}],"version-history":[{"count":0,"href":"https:\/\/portal.sma.gob.cl\/index.php\/wp-json\/wp\/v2\/posts\/16014\/revisions"}],"wp:featuredmedia":[{"embeddable":true,"href":"https:\/\/portal.sma.gob.cl\/index.php\/wp-json\/wp\/v2\/media\/16013"}],"wp:attachment":[{"href":"https:\/\/portal.sma.gob.cl\/index.php\/wp-json\/wp\/v2\/media?parent=16014"}],"wp:term":[{"taxonomy":"category","embeddable":true,"href":"https:\/\/portal.sma.gob.cl\/index.php\/wp-json\/wp\/v2\/categories?post=16014"},{"taxonomy":"post_tag","embeddable":true,"href":"https:\/\/portal.sma.gob.cl\/index.php\/wp-json\/wp\/v2\/tags?post=16014"}],"curies":[{"name":"wp","href":"https:\/\/api.w.org\/{rel}","templated":true}]}}