{"id":16018,"date":"2014-11-04T15:55:44","date_gmt":"2014-11-04T15:55:44","guid":{"rendered":"https:\/\/portal.sma.gob.cl\/index.php\/2014\/11\/04\/sma-participa-en-primeras-actividades-del-ii-encuentro-de-la-red\/"},"modified":"2014-11-04T15:55:44","modified_gmt":"2014-11-04T15:55:44","slug":"sma-participa-en-primeras-actividades-del-ii-encuentro-de-la-red","status":"publish","type":"post","link":"https:\/\/portal.sma.gob.cl\/index.php\/sma-participa-en-primeras-actividades-del-ii-encuentro-de-la-red\/","title":{"rendered":"SMA participa en primeras actividades del II Encuentro de la Red"},"content":{"rendered":"<p style=\"text-align: justify;\"><strong><img decoding=\"async\" class=\"size-auto size-full wp-image-16017\" src=\"https:\/\/portal.sma.gob.cl\/wp-content\/uploads\/2014\/11\/760_x_04-11-2014_SMA_visita_Per%C3%BA_en_Redsufica.jpg\" alt=\"760 x 04-11-2014 SMA visita Per\u00fa en Redsufica\" width=\"760\" height=\"300\" \/><\/strong><\/p>\n<p style=\"text-align: justify;\"><strong>En la ciudad de Lima, entre los d\u00edas 4 y 6 de noviembre, representantes de institucionales ambientales de pa\u00edses sudamericanos compartir\u00e1n experiencias en esta cita de la Redsufica.<\/strong><\/p>\n<p>  <!--more-->  <\/p>\n<p style=\"text-align: justify;\"><strong>Lima, 4 de noviembre 2014<\/strong>. Esta ma\u00f1ana, comenz\u00f3 a realizarse el Segundo Encuentro de la Red Sudamericana de Fiscalizaci\u00f3n y Cumplimiento (Redsufica).<\/p>\n<p style=\"text-align: justify;\">En el evento, participan los representantes de las cinco instituciones p\u00fablicas ligadas al \u00e1rea ambiental miembros de la Redsufica: el Organismo de Evaluaci\u00f3n y Fiscalizaci\u00f3n Ambiental (OEFA), de Per\u00fa; el Instituto Brasile\u00f1o de Medio Ambiente (IBAMA), de Brasil; la Superintendencia del Medio Ambiente (SMA), de Chile; la Autoridad Nacional de Licencias Ambientales (ANLA), de Colombia; y el Ministerio del Ambiente, de Ecuador.<\/p>\n<p style=\"text-align: justify;\">Durante la primera jornada, dar\u00e1 la bienvenida el anfitri\u00f3n de la jornada, el Ministro del Ambiente de Per\u00fa, Manuel Pulgar Vidal. Posteriormente, el Superintendente del Medio Ambiente, de Chile, Cristi\u00e1n Franz \u2013y secretario de la Redsufica-, efectuar\u00e1 una presentaci\u00f3n de las acciones ejecutadas durante el a\u00f1o 2014 (Taller EPA-Interpol). Del mismo modo, mostrar\u00e1 la p\u00e1gina web oficial de la Red (www.redsufica.org).<\/p>\n<p style=\"text-align: justify;\">Posteriormente, expondr\u00e1 el representante de la Agencia de Protecci\u00f3n Ambiental (EPA), de Estados Unidos, Davis Jones, sobre las Redes Regionales de Fiscalizaci\u00f3n y Cumplimiento Ambiental, mediante la cual analizar\u00e1 las actividades llevadas a cabo entre 2013 y 2014.<br \/>Para cerrar el d\u00eda, cada delegaci\u00f3n podr\u00e1 dar a conocer los avances en materia medioambiental, alcanzados en sus respectivos pa\u00edses. Por \u00faltimo, se definir\u00e1n los objetivos comunes de las Mesas de Trabajo (MT) de la Redsufica, que se desarrollar\u00e1n en los d\u00edas siguientes en Lima.<\/p>\n","protected":false},"excerpt":{"rendered":"<p>En la ciudad de Lima, entre los d\u00edas 4 y 6 de noviembre, representantes de institucionales ambientales de pa\u00edses sudamericanos compartir\u00e1n experiencias en esta cita de la Redsufica.<\/p>\n","protected":false},"author":3,"featured_media":16017,"comment_status":"open","ping_status":"open","sticky":false,"template":"","format":"standard","meta":{"footnotes":""},"categories":[94],"tags":[],"class_list":["post-16018","post","type-post","status-publish","format-standard","has-post-thumbnail","hentry","category-notas-noticias"],"_links":{"self":[{"href":"https:\/\/portal.sma.gob.cl\/index.php\/wp-json\/wp\/v2\/posts\/16018","targetHints":{"allow":["GET"]}}],"collection":[{"href":"https:\/\/portal.sma.gob.cl\/index.php\/wp-json\/wp\/v2\/posts"}],"about":[{"href":"https:\/\/portal.sma.gob.cl\/index.php\/wp-json\/wp\/v2\/types\/post"}],"author":[{"embeddable":true,"href":"https:\/\/portal.sma.gob.cl\/index.php\/wp-json\/wp\/v2\/users\/3"}],"replies":[{"embeddable":true,"href":"https:\/\/portal.sma.gob.cl\/index.php\/wp-json\/wp\/v2\/comments?post=16018"}],"version-history":[{"count":0,"href":"https:\/\/portal.sma.gob.cl\/index.php\/wp-json\/wp\/v2\/posts\/16018\/revisions"}],"wp:featuredmedia":[{"embeddable":true,"href":"https:\/\/portal.sma.gob.cl\/index.php\/wp-json\/wp\/v2\/media\/16017"}],"wp:attachment":[{"href":"https:\/\/portal.sma.gob.cl\/index.php\/wp-json\/wp\/v2\/media?parent=16018"}],"wp:term":[{"taxonomy":"category","embeddable":true,"href":"https:\/\/portal.sma.gob.cl\/index.php\/wp-json\/wp\/v2\/categories?post=16018"},{"taxonomy":"post_tag","embeddable":true,"href":"https:\/\/portal.sma.gob.cl\/index.php\/wp-json\/wp\/v2\/tags?post=16018"}],"curies":[{"name":"wp","href":"https:\/\/api.w.org\/{rel}","templated":true}]}}