{"id":16024,"date":"2014-11-10T19:44:04","date_gmt":"2014-11-10T19:44:04","guid":{"rendered":"https:\/\/portal.sma.gob.cl\/index.php\/2014\/11\/10\/superintendente-participa-en-ii-seminario-internacional-de-derecho-ambiental-en-peru\/"},"modified":"2014-11-10T19:44:04","modified_gmt":"2014-11-10T19:44:04","slug":"superintendente-participa-en-ii-seminario-internacional-de-derecho-ambiental-en-peru","status":"publish","type":"post","link":"https:\/\/portal.sma.gob.cl\/index.php\/superintendente-participa-en-ii-seminario-internacional-de-derecho-ambiental-en-peru\/","title":{"rendered":"Superintendente participa en II Seminario Internacional de Derecho Ambiental en Per\u00fa"},"content":{"rendered":"<p style=\"text-align: justify;\"><strong><img decoding=\"async\" class=\"size-auto size-full wp-image-16023\" src=\"https:\/\/portal.sma.gob.cl\/wp-content\/uploads\/2014\/11\/760_x_07-11-2014_SMA_asiste_a_seminario_en_el_Per%C3%BA.jpg\" alt=\"760 x 07-11-2014 SMA asiste a seminario en el Per\u00fa\" width=\"760\" height=\"300\" \/>El Superintendente del Medio Ambiente, Cristi\u00e1n Franz, asisti\u00f3 al evento donde autoridades y acad\u00e9micos de diversos pa\u00edses compartieron experiencias en el \u00e1rea del derecho sancionador ambiental.<\/strong><\/p>\n<p>  <!--more-->  <\/p>\n<p style=\"text-align: justify;\"><strong>Lima, viernes 07 de noviembre de 2014<\/strong>. El Superintendente del Medio Ambiente, Cristi\u00e1n Franz, particip\u00f3 del \u201cII Seminario Internacional de Derecho Administrativo Sancionador Ambiental: Una mirada hacia la Remediaci\u00f3n Ambiental\u201d, que se realiz\u00f3 en la ciudad de Lima, y que congreg\u00f3 a diversas autoridades de organismos ambientales y acad\u00e9micos de prestigiosas universidades internacionales.<\/p>\n<p style=\"text-align: justify;\">Entre los temas que se abordaron, destacan los aspectos jur\u00eddicos de prevenci\u00f3n y remediaci\u00f3n ambiental del Organismo de Evaluaci\u00f3n y Fiscalizaci\u00f3n Ambiental (OEFA); la mirada de la fiscalizaci\u00f3n ambiental desde la Oficina Regional del Medio Ambiente para Am\u00e9rica del Sur, de la Embajada de Estados Unidos en Per\u00fa; y la reglamentaci\u00f3n de pasivos y suelos contaminados en Colombia.<\/p>\n<p style=\"text-align: justify;\">En la jornada, hubo un panel dedicado de forma exclusiva a tratar asuntos de las \u201cRedes regionales de fiscalizaci\u00f3n y cumplimiento ambiental\u201d. En \u00e9ste, el Superintendente Franz, en su calidad de Secretario de la Red en 2013-2014, expuso las tareas realizadas el a\u00f1o pasado y luego se efectu\u00f3 una mesa redonda, donde se discuti\u00f3 sobre la restauraci\u00f3n ambiental en el marco de la Red Sudamericana de Fiscalizaci\u00f3n y Cumplimiento Ambiental (Redsufica).<\/p>\n<p style=\"text-align: justify;\">En la jornada, expusieron el Presidente del Consejo Directivo de la OEFA, Hugo G\u00f3mez; el profesor de la Universidad de Valladolid, Espa\u00f1a, I\u00f1igo Sanz; el Director de la Oficina Regional del Medio Ambiente para Am\u00e9rica del Sur, de Estados Unidos, Andrew Griffin; la Contralora Ambiental para Colombia, Carolina Montes; y el Director Asociado de la U.S. Environmental Protection Agency (EPA), Davis Jones.<\/p>\n","protected":false},"excerpt":{"rendered":"<p>El Superintendente del Medio Ambiente, Cristi\u00e1n Franz, asisti\u00f3 al evento donde autoridades y acad\u00e9micos de diversos pa\u00edses compartieron experiencias en el \u00e1rea del derecho sancionador ambiental.<\/p>\n","protected":false},"author":3,"featured_media":16023,"comment_status":"open","ping_status":"open","sticky":false,"template":"","format":"standard","meta":{"footnotes":""},"categories":[94],"tags":[],"class_list":["post-16024","post","type-post","status-publish","format-standard","has-post-thumbnail","hentry","category-notas-noticias"],"_links":{"self":[{"href":"https:\/\/portal.sma.gob.cl\/index.php\/wp-json\/wp\/v2\/posts\/16024","targetHints":{"allow":["GET"]}}],"collection":[{"href":"https:\/\/portal.sma.gob.cl\/index.php\/wp-json\/wp\/v2\/posts"}],"about":[{"href":"https:\/\/portal.sma.gob.cl\/index.php\/wp-json\/wp\/v2\/types\/post"}],"author":[{"embeddable":true,"href":"https:\/\/portal.sma.gob.cl\/index.php\/wp-json\/wp\/v2\/users\/3"}],"replies":[{"embeddable":true,"href":"https:\/\/portal.sma.gob.cl\/index.php\/wp-json\/wp\/v2\/comments?post=16024"}],"version-history":[{"count":0,"href":"https:\/\/portal.sma.gob.cl\/index.php\/wp-json\/wp\/v2\/posts\/16024\/revisions"}],"wp:featuredmedia":[{"embeddable":true,"href":"https:\/\/portal.sma.gob.cl\/index.php\/wp-json\/wp\/v2\/media\/16023"}],"wp:attachment":[{"href":"https:\/\/portal.sma.gob.cl\/index.php\/wp-json\/wp\/v2\/media?parent=16024"}],"wp:term":[{"taxonomy":"category","embeddable":true,"href":"https:\/\/portal.sma.gob.cl\/index.php\/wp-json\/wp\/v2\/categories?post=16024"},{"taxonomy":"post_tag","embeddable":true,"href":"https:\/\/portal.sma.gob.cl\/index.php\/wp-json\/wp\/v2\/tags?post=16024"}],"curies":[{"name":"wp","href":"https:\/\/api.w.org\/{rel}","templated":true}]}}