{"id":16026,"date":"2014-11-12T15:47:04","date_gmt":"2014-11-12T15:47:04","guid":{"rendered":"https:\/\/portal.sma.gob.cl\/index.php\/2014\/11\/12\/sma-imparte-taller-de-fiscalizacion-ambiental-en-iquique\/"},"modified":"2014-11-12T15:47:04","modified_gmt":"2014-11-12T15:47:04","slug":"sma-imparte-taller-de-fiscalizacion-ambiental-en-iquique","status":"publish","type":"post","link":"https:\/\/portal.sma.gob.cl\/index.php\/sma-imparte-taller-de-fiscalizacion-ambiental-en-iquique\/","title":{"rendered":"SMA imparte taller de fiscalizaci\u00f3n ambiental en Iquique"},"content":{"rendered":"<p style=\"text-align: justify;\"><strong><img decoding=\"async\" class=\"size-auto size-full wp-image-16025\" src=\"https:\/\/portal.sma.gob.cl\/wp-content\/uploads\/2014\/11\/760x_11-11-2014_SMA_realiza_taller_en_Iquique.jpg\" alt=\"760x 11-11-2014 SMA realiza taller en Iquique\" width=\"760\" height=\"300\" srcset=\"https:\/\/portal.sma.gob.cl\/wp-content\/uploads\/2014\/11\/760x_11-11-2014_SMA_realiza_taller_en_Iquique-200x79.jpg 200w, https:\/\/portal.sma.gob.cl\/wp-content\/uploads\/2014\/11\/760x_11-11-2014_SMA_realiza_taller_en_Iquique-300x118.jpg 300w, https:\/\/portal.sma.gob.cl\/wp-content\/uploads\/2014\/11\/760x_11-11-2014_SMA_realiza_taller_en_Iquique-400x158.jpg 400w, https:\/\/portal.sma.gob.cl\/wp-content\/uploads\/2014\/11\/760x_11-11-2014_SMA_realiza_taller_en_Iquique-600x237.jpg 600w, https:\/\/portal.sma.gob.cl\/wp-content\/uploads\/2014\/11\/760x_11-11-2014_SMA_realiza_taller_en_Iquique.jpg 760w\" sizes=\"(max-width: 760px) 100vw, 760px\" \/><\/strong><\/p>\n<p style=\"text-align: justify;\"><strong>La Superintendencia del Medio Ambiente (SMA), continuando con el ciclo de asistencia al cumplimiento para las empresas fiscalizadas por el organismo, explic\u00f3 las caracter\u00edsticas del proceso de fiscalizaci\u00f3n y sanci\u00f3n.<\/strong><\/p>\n<p>  <!--more-->  <\/p>\n<p style=\"text-align: justify;\"><strong>Iquique, 11 de noviembre de 2014<\/strong>. La Superintendencia del Medio Ambiente (SMA) imparti\u00f3 en Iquique la segunda de tres jornadas que se realizar\u00e1n a lo largo del pa\u00eds, llamadas \u201cTalleres de Asistencia al Cumplimiento Ambiental\u201d. Esta iniciativa busca explicar a representantes de empresas, gremios y acad\u00e9micos, c\u00f3mo funcionan los mecanismos de fiscalizaci\u00f3n y sanci\u00f3n de la SMA.<\/p>\n<p style=\"text-align: justify;\">El segundo taller, convoc\u00f3 a titulares de Resoluciones de Calificaci\u00f3n Ambiental (RCA) de la Macro Zona Norte, que abarca las regiones de Arica y Parinacota, Tarapac\u00e1, Antofagasta y Atacama. El programa del evento incluy\u00f3 la difusi\u00f3n de criterios y procedimientos de fiscalizaci\u00f3n, mecanismos sancionatorios y de promoci\u00f3n del cumplimiento, y aspectos jur\u00eddicos de la acci\u00f3n de la SMA.<\/p>\n<p style=\"text-align: justify;\">En la instancia, participaron m\u00e1s de100 profesionales y trabajadores de diferentes empresas de la zona. El evento fue inaugurado por el Superintendente del Medio Ambiente, Cristi\u00e1n Franz, quien agradeci\u00f3 la concurrida asistencia. \u201cEs gratificante apreciar el inter\u00e9s que ha despertado esta iniciativa. Para esta Superintendencia es fundamental difundir los aspectos m\u00e1s relevantes de la nueva institucionalidad ambiental que hoy nos rige en Chile\u201d, se\u00f1al\u00f3.<\/p>\n<p style=\"text-align: justify;\">En su discurso, la autoridad ambiental a\u00f1adi\u00f3: \u201cNosotros no queremos sancionar a las empresas. El ideal es que cada vez que fiscalicemos no encontremos incumplimientos, y se respete la normativa ambiental (\u2026) Sin embargo, sin ir m\u00e1s lejos, en dos a\u00f1os de operaci\u00f3n hemos tenido que iniciar m\u00e1s de 150 procedimientos sancionatorios\u201d.<\/p>\n<p style=\"text-align: justify;\">A su turno, la Fiscal de la SMA, Dominique Herv\u00e9, hizo un resumen de las atribuciones de la SMA, haciendo hincapi\u00e9 en la transparencia activa que la ley exige a la Superintendencia, disponiendo de toda la informaci\u00f3n de Fiscalizaci\u00f3n y sanci\u00f3n en un sistema web accesible a todo p\u00fablico: el Sistema Nacional de Fiscalizaci\u00f3n Ambiental (SNIFA).<\/p>\n<p style=\"text-align: justify;\">En representaci\u00f3n del Divisi\u00f3n de Sanci\u00f3n y Cumplimiento, el abogado Ariel Espinoza, realiz\u00f3 una exposici\u00f3n sobre los criterios que utiliza la SMA a la hora de iniciar procedimientos sancionatorios. Por parte de la Divisi\u00f3n de Fiscalizaci\u00f3n, su jefe Rub\u00e9n Verdugo, explic\u00f3 c\u00f3mo la SMA realiza sus procedimientos en terreno, como tambi\u00e9n el an\u00e1lisis de datos de seguimiento ambiental.<\/p>\n<p style=\"text-align: justify;\">En la actividad participaron, Ricardo Pizarro Orrego, Seremi de Medio Ambiente (S) de la Regi\u00f3n de Tarapac\u00e1; Mar\u00eda Fernanda Martinez, Directora Regional del Sernageomin de la Regi\u00f3n de Tarapac\u00e1; Richard Orellana, Director Regional del Sernageomin de la Regi\u00f3n de Arica y Parinacota; Patricio Meza, Director Regional (S), Servicio de Evaluaci\u00f3n Ambiental de la Regi\u00f3n de Tarapac\u00e1; e Isidro Mamani, Subdirector Nacional Norte de Conadi. A la charla tambi\u00e9n asistieron de funcionarios de los distintos servicios p\u00fablicos que trabajan con la SMA, en la Macro Zona Norte, a cargo de la abogada Mar\u00eda Isabel Reinoso.<\/p>\n<p style=\"text-align: justify;\">El \u00faltimo taller de Asistencia al Cumplimiento se realizar\u00e1 en Puerto Montt el pr\u00f3ximo mi\u00e9rcoles 26 de noviembre, cerrando el ciclo de exposiciones de la SMA para este segundo semestre.<\/p>\n<h3 style=\"text-align: justify;\">Ver las presentaciones:<\/h3>\n<p style=\"text-align: justify;\"><a class=\"doclink\" href=\"index.php?option=com_docman&amp;task=doc_download&amp;gid=286&amp;Itemid=280\"><img decoding=\"async\" class=\" size-full wp-image-15480\" src=\"https:\/\/portal.sma.gob.cl\/wp-content\/uploads\/2012\/07\/pdf.png\" alt=\"icon\" border=\"0\" width=\"16\" height=\"16\" \/>&nbsp;Taller de Asistencia al Cumplimiento Iquique- Sanci\u00f3n 2014<\/a><\/p>\n<p style=\"text-align: justify;\"><a class=\"doclink\" href=\"index.php?option=com_docman&amp;task=doc_download&amp;gid=287&amp;Itemid=280\"><img decoding=\"async\" class=\" size-full wp-image-15480\" src=\"https:\/\/portal.sma.gob.cl\/wp-content\/uploads\/2012\/07\/pdf.png\" alt=\"icon\" border=\"0\" width=\"16\" height=\"16\" \/>&nbsp;Taller de Asistencia al Cumplimiento Iquique- Fiscalizaci\u00f3n 2014<\/a><\/p>\n<p style=\"text-align: justify;\"><a class=\"doclink\" href=\"index.php?option=com_docman&amp;task=doc_download&amp;gid=289&amp;Itemid=280\"><img decoding=\"async\" class=\" size-full wp-image-15480\" src=\"https:\/\/portal.sma.gob.cl\/wp-content\/uploads\/2012\/07\/pdf.png\" alt=\"icon\" border=\"0\" width=\"16\" height=\"16\" \/>&nbsp;Fiscal\u00eda-Presentaci\u00f3n Taller a Regulados<\/a>&nbsp;2014<\/p>\n","protected":false},"excerpt":{"rendered":"<p>La Superintendencia del Medio Ambiente (SMA), continuando con el ciclo de asistencia al cumplimiento para las empresas fiscalizadas por el organismo, explic\u00f3 las caracter\u00edsticas del proceso de fiscalizaci\u00f3n y sanci\u00f3n.<\/p>\n","protected":false},"author":3,"featured_media":16025,"comment_status":"open","ping_status":"open","sticky":false,"template":"","format":"standard","meta":{"footnotes":""},"categories":[94],"tags":[],"class_list":["post-16026","post","type-post","status-publish","format-standard","has-post-thumbnail","hentry","category-notas-noticias"],"_links":{"self":[{"href":"https:\/\/portal.sma.gob.cl\/index.php\/wp-json\/wp\/v2\/posts\/16026","targetHints":{"allow":["GET"]}}],"collection":[{"href":"https:\/\/portal.sma.gob.cl\/index.php\/wp-json\/wp\/v2\/posts"}],"about":[{"href":"https:\/\/portal.sma.gob.cl\/index.php\/wp-json\/wp\/v2\/types\/post"}],"author":[{"embeddable":true,"href":"https:\/\/portal.sma.gob.cl\/index.php\/wp-json\/wp\/v2\/users\/3"}],"replies":[{"embeddable":true,"href":"https:\/\/portal.sma.gob.cl\/index.php\/wp-json\/wp\/v2\/comments?post=16026"}],"version-history":[{"count":0,"href":"https:\/\/portal.sma.gob.cl\/index.php\/wp-json\/wp\/v2\/posts\/16026\/revisions"}],"wp:featuredmedia":[{"embeddable":true,"href":"https:\/\/portal.sma.gob.cl\/index.php\/wp-json\/wp\/v2\/media\/16025"}],"wp:attachment":[{"href":"https:\/\/portal.sma.gob.cl\/index.php\/wp-json\/wp\/v2\/media?parent=16026"}],"wp:term":[{"taxonomy":"category","embeddable":true,"href":"https:\/\/portal.sma.gob.cl\/index.php\/wp-json\/wp\/v2\/categories?post=16026"},{"taxonomy":"post_tag","embeddable":true,"href":"https:\/\/portal.sma.gob.cl\/index.php\/wp-json\/wp\/v2\/tags?post=16026"}],"curies":[{"name":"wp","href":"https:\/\/api.w.org\/{rel}","templated":true}]}}