{"id":16028,"date":"2014-11-17T19:33:51","date_gmt":"2014-11-17T19:33:51","guid":{"rendered":"https:\/\/portal.sma.gob.cl\/index.php\/2014\/11\/17\/sma-participa-en-taller-ambiental-en-republica-dominicana\/"},"modified":"2014-11-17T19:33:51","modified_gmt":"2014-11-17T19:33:51","slug":"sma-participa-en-taller-ambiental-en-republica-dominicana","status":"publish","type":"post","link":"https:\/\/portal.sma.gob.cl\/index.php\/sma-participa-en-taller-ambiental-en-republica-dominicana\/","title":{"rendered":"SMA participa en taller ambiental en Rep\u00fablica Dominicana"},"content":{"rendered":"<p style=\"text-align: justify;\"><strong><img decoding=\"async\" class=\"size-auto size-full wp-image-16027\" src=\"https:\/\/portal.sma.gob.cl\/wp-content\/uploads\/2014\/11\/760_x_17-11-2014_Delegado_SMA_visita_Rep%C3%BAblica_Dominicana_seminario.jpg\" alt=\"760 x 17-11-2014 Delegado SMA visita Rep\u00fablica Dominicana seminario\" width=\"760\" height=\"300\" \/><\/strong><\/p>\n<p style=\"text-align: justify;\"><strong>El profesional Marcelo Guzm\u00e1n, de la Divisi\u00f3n de Fiscalizaci\u00f3n, expuso un caso sobre el R\u00edo Cruces en el \u201cForo sobre las Mejores Pr\u00e1cticas para la Evaluaci\u00f3n de Impacto Ambiental, Tr\u00e1mites de Permisos y Cumplimiento\u201d realizado en Santo Domingo.<\/strong><\/p>\n<p>  <!--more-->  <\/p>\n<p style=\"text-align: justify;\"><strong>Santo Domingo, 13 de noviembre de 2014<\/strong>. Durante tres d\u00edas profesionales del \u00e1rea de evaluaci\u00f3n y fiscalizaci\u00f3n ambiental se dieron cita en Santo Domingo, Rep\u00fablica Dominicana, para participar del \u201cForo sobre las Mejores Pr\u00e1cticas para la Evaluaci\u00f3n de Impacto Ambiental, Tr\u00e1mites de Permisos y Cumplimiento\u201d.<\/p>\n<p style=\"text-align: justify;\">La iniciativa, organizada por el Ministerio del Ambiente y Recursos Naturales de Rep\u00fablica Dominicana, junto a la Agencia de Protecci\u00f3n Ambiental de Estados Unidos (US-EPA); la Agencia de los Estados Unidos para el Desarrollo International El Salvador\/USAID E-CAM; y la Comisi\u00f3n Centroamericana de Ambiente y Desarrollo (CCAD); ten\u00eda entre sus objetivos compartir las mejores pr\u00e1cticas sobre evaluaci\u00f3n de impacto ambiental en la regi\u00f3n.<\/p>\n<p style=\"text-align: justify;\">Representando a la Superintendencia del Medio Ambiente (SMA), asisti\u00f3 Marcelo Guzm\u00e1n, profesional de la Divisi\u00f3n de Fiscalizaci\u00f3n de la SMA, quien expuso sobre \u201cHumedal r\u00edo Cruces: oportunidad de integraci\u00f3n de procesos ambientales\u201d. Esta charla se dict\u00f3 el d\u00eda 12 de noviembre, en el marco del tema \u201cMonitoreo de cumplimiento ambiental y aplicaci\u00f3n\u201d, el cual busc\u00f3 analizar la necesidad de fiscalizar constantemente las actividades que se realizan y tienen impactos ambientales, con un enfoque preventivo.<\/p>\n<p style=\"text-align: justify;\">Posteriormente, Guzm\u00e1n, lider\u00f3 uno de los grupos de discusi\u00f3n llamado \u201cDetecci\u00f3n y monitoreo de cumplimiento; focalizando inspecciones y utilizando terceros en las auditor\u00edas, pol\u00edticas coercitivas y autoridades, procesar a los culpables, consecuencias oportunas y efectivas a trav\u00e9s de la aplicaci\u00f3n administrativa, judicial y penal relacionada con la EIA y permisos\u201d. En este caso, el panel cont\u00f3 con representantes de Brasil, El Salvador, Guatemala, Honduras, M\u00e9xico, Panam\u00e1, Per\u00fa, Puerto Rico y Rep\u00fablica Dominicana.<\/p>\n<p style=\"text-align: justify;\">En esta actividad se discuti\u00f3, por ejemplo, la necesidad de determinar el beneficio econ\u00f3mico como base de multas por incumplimientos; como tambi\u00e9n el efecto que las sanciones tienen en las empresas, a trav\u00e9s del desprestigio como resultado de los instrumentos de transparencia y publicidad a los incumplimientos, lo cual puede llevar a las empresas a ser m\u00e1s responsables ambientalmente para evitar caer en el juicio p\u00fablico.<\/p>\n<p style=\"text-align: justify;\">Por otra parte, se discuti\u00f3 sobre c\u00f3mo los pa\u00edses realizan sus actividades de fiscalizaci\u00f3n. Guzm\u00e1n explic\u00f3 que el modelo de la SMA prioriza las fiscalizaciones en base a un ranking que considera: tipolog\u00eda de proyecto, magnitud, denuncia; historial de multas; etc. Por otra parte, Per\u00fa, M\u00e9xico, Panam\u00e1, Honduras, explicaron que ellos se concentran en proyectos de gran magnitudes, como por ejemplo: petroleras, miner\u00eda, el\u00e9ctricas, hidroel\u00e9ctricas, inmobiliarios, forestales, entre otros.<\/p>\n","protected":false},"excerpt":{"rendered":"<p>El profesional Marcelo Guzm\u00e1n, de la Divisi\u00f3n de Fiscalizaci\u00f3n, expuso un caso sobre el R\u00edo Cruces en el \u201cForo sobre las Mejores Pr\u00e1cticas para la Evaluaci\u00f3n de Impacto Ambiental, Tr\u00e1mites de Permisos y Cumplimiento\u201d realizado en Santo Domingo.<\/p>\n","protected":false},"author":3,"featured_media":16027,"comment_status":"open","ping_status":"open","sticky":false,"template":"","format":"standard","meta":{"footnotes":""},"categories":[94],"tags":[],"class_list":["post-16028","post","type-post","status-publish","format-standard","has-post-thumbnail","hentry","category-notas-noticias"],"_links":{"self":[{"href":"https:\/\/portal.sma.gob.cl\/index.php\/wp-json\/wp\/v2\/posts\/16028","targetHints":{"allow":["GET"]}}],"collection":[{"href":"https:\/\/portal.sma.gob.cl\/index.php\/wp-json\/wp\/v2\/posts"}],"about":[{"href":"https:\/\/portal.sma.gob.cl\/index.php\/wp-json\/wp\/v2\/types\/post"}],"author":[{"embeddable":true,"href":"https:\/\/portal.sma.gob.cl\/index.php\/wp-json\/wp\/v2\/users\/3"}],"replies":[{"embeddable":true,"href":"https:\/\/portal.sma.gob.cl\/index.php\/wp-json\/wp\/v2\/comments?post=16028"}],"version-history":[{"count":0,"href":"https:\/\/portal.sma.gob.cl\/index.php\/wp-json\/wp\/v2\/posts\/16028\/revisions"}],"wp:featuredmedia":[{"embeddable":true,"href":"https:\/\/portal.sma.gob.cl\/index.php\/wp-json\/wp\/v2\/media\/16027"}],"wp:attachment":[{"href":"https:\/\/portal.sma.gob.cl\/index.php\/wp-json\/wp\/v2\/media?parent=16028"}],"wp:term":[{"taxonomy":"category","embeddable":true,"href":"https:\/\/portal.sma.gob.cl\/index.php\/wp-json\/wp\/v2\/categories?post=16028"},{"taxonomy":"post_tag","embeddable":true,"href":"https:\/\/portal.sma.gob.cl\/index.php\/wp-json\/wp\/v2\/tags?post=16028"}],"curies":[{"name":"wp","href":"https:\/\/api.w.org\/{rel}","templated":true}]}}