{"id":16030,"date":"2014-11-19T21:16:30","date_gmt":"2014-11-19T21:16:30","guid":{"rendered":"https:\/\/portal.sma.gob.cl\/index.php\/2014\/11\/19\/sma-participa-en-seminario-ambiental-en-puerto-varas\/"},"modified":"2014-11-19T21:16:30","modified_gmt":"2014-11-19T21:16:30","slug":"sma-participa-en-seminario-ambiental-en-puerto-varas","status":"publish","type":"post","link":"https:\/\/portal.sma.gob.cl\/index.php\/sma-participa-en-seminario-ambiental-en-puerto-varas\/","title":{"rendered":"SMA participa en seminario ambiental en Puerto Varas"},"content":{"rendered":"<p style=\"text-align: justify;\"><strong><img decoding=\"async\" class=\"size-auto size-full wp-image-16029\" src=\"https:\/\/portal.sma.gob.cl\/wp-content\/uploads\/2014\/11\/760x_19-11-2014_SMA_asiste_a_seminario_sobre_medioambiente_en_Puerto_Varas.jpg\" alt=\"760x 19-11-2014 SMA asiste a seminario sobre medioambiente en Puerto Varas\" width=\"760\" height=\"300\" srcset=\"https:\/\/portal.sma.gob.cl\/wp-content\/uploads\/2014\/11\/760x_19-11-2014_SMA_asiste_a_seminario_sobre_medioambiente_en_Puerto_Varas-200x79.jpg 200w, https:\/\/portal.sma.gob.cl\/wp-content\/uploads\/2014\/11\/760x_19-11-2014_SMA_asiste_a_seminario_sobre_medioambiente_en_Puerto_Varas-300x118.jpg 300w, https:\/\/portal.sma.gob.cl\/wp-content\/uploads\/2014\/11\/760x_19-11-2014_SMA_asiste_a_seminario_sobre_medioambiente_en_Puerto_Varas-400x158.jpg 400w, https:\/\/portal.sma.gob.cl\/wp-content\/uploads\/2014\/11\/760x_19-11-2014_SMA_asiste_a_seminario_sobre_medioambiente_en_Puerto_Varas-600x237.jpg 600w, https:\/\/portal.sma.gob.cl\/wp-content\/uploads\/2014\/11\/760x_19-11-2014_SMA_asiste_a_seminario_sobre_medioambiente_en_Puerto_Varas.jpg 760w\" sizes=\"(max-width: 760px) 100vw, 760px\" \/><\/strong><\/p>\n<p style=\"text-align: justify;\"><strong>El jefe de la Macro Zona Sur de la Superintendencia del Medio Ambiente, Eduardo Rodr\u00edguez, explic\u00f3 los mecanismos de fiscalizaci\u00f3n y sanci\u00f3n del organismo.<\/strong><\/p>\n<p>  <!--more-->  <\/p>\n<p style=\"text-align: justify;\"><strong>Puerto Varas, 18 de noviembre de 2014<\/strong>. La Superintendencia del Medio Ambiente (SMA), fue parte del seminario ambiental llamado \u201cAmbiental 2014\u201d\u201d, que se efectu\u00f3 en el Hotel Patag\u00f3nico de Puerto Varas, y cuyo p\u00fablico objetivo era el sector econ\u00f3mico acu\u00edcola.<\/p>\n<p style=\"text-align: justify;\">En representaci\u00f3n de la SMA, asisti\u00f3 el jefe de la Macro Zona Sur, Eduardo Rodr\u00edguez, quien particip\u00f3 de un panel de conversaci\u00f3n respecto al rol y atribuciones de la Superintendencia, la fiscalizaci\u00f3n ambiental estrat\u00e9gica, como tambi\u00e9n los desaf\u00edos que este nuevo modelo impone a los regulados.<\/p>\n<p style=\"text-align: justify;\">\u201cEl sector acu\u00edcola es una de las actividades econ\u00f3micas m\u00e1s relevantes en el sur Chile, por lo que tiene un importante desaf\u00edo en materia de cumplimiento ambiental. Si revisamos el resultado del Programa de Fiscalizaci\u00f3n de Resoluciones de Calificaci\u00f3n Ambiental (RCA) del a\u00f1o 2013, correspondiente al sector acu\u00edcola, tenemos que un 78% de nuestros informes de fiscalizaci\u00f3n fueron derivados a nuestra Divisi\u00f3n de Sanciones, dato que me parece debe ser materia de discusi\u00f3n del interior del sector\u201d, sostuvo Rodr\u00edguez.<\/p>\n<p style=\"text-align: justify;\">Entre los temas abordados, destacan el derecho ambiental aplicado a la acuicultura, la relaci\u00f3n entre la comunidad y las empresas, las comunidades ind\u00edgenas y su relaci\u00f3n con proyectos de inversi\u00f3n, los contenidos de las Declaraciones de Impacto Ambiental, entre otros.<\/p>\n<p style=\"text-align: justify;\">En la actividad, tambi\u00e9n participaron el Servicio de Evaluaci\u00f3n Ambiental, Sernapesca, Subpesca, abogados y acad\u00e9micos. La apertura del seminario estuvo a cargo del soci\u00f3logo Alberto Mayol, y adem\u00e1s cont\u00f3 con la intervenci\u00f3n del escritor y conductor, Fernando Villegas.<\/p>\n","protected":false},"excerpt":{"rendered":"<p>El jefe de la Macro Zona Sur de la Superintendencia del Medio Ambiente, Eduardo Rodr\u00edguez, explic\u00f3 los mecanismos de fiscalizaci\u00f3n y sanci\u00f3n del organismo.<\/p>\n","protected":false},"author":3,"featured_media":16029,"comment_status":"open","ping_status":"open","sticky":false,"template":"","format":"standard","meta":{"footnotes":""},"categories":[94],"tags":[],"class_list":["post-16030","post","type-post","status-publish","format-standard","has-post-thumbnail","hentry","category-notas-noticias"],"_links":{"self":[{"href":"https:\/\/portal.sma.gob.cl\/index.php\/wp-json\/wp\/v2\/posts\/16030","targetHints":{"allow":["GET"]}}],"collection":[{"href":"https:\/\/portal.sma.gob.cl\/index.php\/wp-json\/wp\/v2\/posts"}],"about":[{"href":"https:\/\/portal.sma.gob.cl\/index.php\/wp-json\/wp\/v2\/types\/post"}],"author":[{"embeddable":true,"href":"https:\/\/portal.sma.gob.cl\/index.php\/wp-json\/wp\/v2\/users\/3"}],"replies":[{"embeddable":true,"href":"https:\/\/portal.sma.gob.cl\/index.php\/wp-json\/wp\/v2\/comments?post=16030"}],"version-history":[{"count":0,"href":"https:\/\/portal.sma.gob.cl\/index.php\/wp-json\/wp\/v2\/posts\/16030\/revisions"}],"wp:featuredmedia":[{"embeddable":true,"href":"https:\/\/portal.sma.gob.cl\/index.php\/wp-json\/wp\/v2\/media\/16029"}],"wp:attachment":[{"href":"https:\/\/portal.sma.gob.cl\/index.php\/wp-json\/wp\/v2\/media?parent=16030"}],"wp:term":[{"taxonomy":"category","embeddable":true,"href":"https:\/\/portal.sma.gob.cl\/index.php\/wp-json\/wp\/v2\/categories?post=16030"},{"taxonomy":"post_tag","embeddable":true,"href":"https:\/\/portal.sma.gob.cl\/index.php\/wp-json\/wp\/v2\/tags?post=16030"}],"curies":[{"name":"wp","href":"https:\/\/api.w.org\/{rel}","templated":true}]}}