{"id":16034,"date":"2014-11-26T17:53:27","date_gmt":"2014-11-26T17:53:27","guid":{"rendered":"https:\/\/portal.sma.gob.cl\/index.php\/2014\/11\/26\/sma-cierra-ciclo-de-talleres-ambientales-en-puerto-montt\/"},"modified":"2014-11-26T17:53:27","modified_gmt":"2014-11-26T17:53:27","slug":"sma-cierra-ciclo-de-talleres-ambientales-en-puerto-montt","status":"publish","type":"post","link":"https:\/\/portal.sma.gob.cl\/index.php\/sma-cierra-ciclo-de-talleres-ambientales-en-puerto-montt\/","title":{"rendered":"SMA cierra ciclo de talleres ambientales en Puerto Montt"},"content":{"rendered":"<p style=\"text-align: justify;\"><strong style=\"font-size: 12.222222328186px; line-height: 1.3em;\"><img decoding=\"async\" class=\"size-auto size-full wp-image-16033\" src=\"https:\/\/portal.sma.gob.cl\/wp-content\/uploads\/2014\/11\/760x_26-11-2014_la_SMA_realiza_taller_ambiental_en_Puerto_Montt.jpg\" alt=\"760x 26-11-2014 la SMA realiza taller ambiental en Puerto Montt\" width=\"760\" height=\"300\" srcset=\"https:\/\/portal.sma.gob.cl\/wp-content\/uploads\/2014\/11\/760x_26-11-2014_la_SMA_realiza_taller_ambiental_en_Puerto_Montt-200x79.jpg 200w, https:\/\/portal.sma.gob.cl\/wp-content\/uploads\/2014\/11\/760x_26-11-2014_la_SMA_realiza_taller_ambiental_en_Puerto_Montt-300x118.jpg 300w, https:\/\/portal.sma.gob.cl\/wp-content\/uploads\/2014\/11\/760x_26-11-2014_la_SMA_realiza_taller_ambiental_en_Puerto_Montt-400x158.jpg 400w, https:\/\/portal.sma.gob.cl\/wp-content\/uploads\/2014\/11\/760x_26-11-2014_la_SMA_realiza_taller_ambiental_en_Puerto_Montt-600x237.jpg 600w, https:\/\/portal.sma.gob.cl\/wp-content\/uploads\/2014\/11\/760x_26-11-2014_la_SMA_realiza_taller_ambiental_en_Puerto_Montt.jpg 760w\" sizes=\"(max-width: 760px) 100vw, 760px\" \/><\/strong><\/p>\n<p style=\"text-align: justify;\"><strong style=\"font-size: 12.222222328186px; line-height: 1.3em;\">La Superintendencia del Medio Ambiente (SMA), efectu\u00f3 la \u00faltima jornada del ciclo de talleres de promoci\u00f3n al cumplimiento para las empresas fiscalizadas por el organismo, en la que se explic\u00f3 las caracter\u00edsticas del proceso de fiscalizaci\u00f3n y sanci\u00f3n.<\/strong><\/p>\n<p>  <!--more-->  <\/p>\n<p style=\"text-align: justify;\"><strong>Puerto Montt, 26 de noviembre de 2014<\/strong>. La Superintendencia del Medio Ambiente (SMA) imparti\u00f3 en Puerto Montt, la \u00faltima de tres jornadas que se realizar\u00e1n a lo largo del pa\u00eds, llamadas \u201cTalleres de Promoci\u00f3n al Cumplimiento Ambiental\u201d. La iniciativa tuvo como objetivo explicar a representantes de empresas, gremios y acad\u00e9micos, c\u00f3mo funcionan los mecanismos de fiscalizaci\u00f3n y sanci\u00f3n del organismo.<\/p>\n<p style=\"text-align: justify;\">El tercer taller, convoc\u00f3 a titulares de Resoluciones de Calificaci\u00f3n Ambiental (RCA) de la Macro Zona Sur, que abarca las regiones del Biob\u00edo, Los R\u00edos, Araucan\u00eda, Los Lagos, Ays\u00e9n y Magallanes. El programa del evento incluy\u00f3 la difusi\u00f3n de criterios y procedimientos de fiscalizaci\u00f3n, mecanismos sancionatorios y de promoci\u00f3n del cumplimiento, y aspectos jur\u00eddicos de la acci\u00f3n de la SMA.<\/p>\n<p style=\"text-align: justify;\">Participaron en la actividad, m\u00e1s de 100 profesionales y trabajadores de diferentes empresas de la zona. El evento nuevamente fue inaugurado por el Superintendente del Medio Ambiente, Cristi\u00e1n Franz, quien destac\u00f3 la regulaci\u00f3n que realiza su instituci\u00f3n.<\/p>\n<p style=\"text-align: justify;\">\u201cEs imperioso que el Estado d\u00e9 respuesta a una ciudadan\u00eda cada vez m\u00e1s empoderada y deseosa de ejercer el derecho que tenemos los habitantes de vivir en un medio ambiente libre de contaminaci\u00f3n. Por eso, la fiscalizaci\u00f3n ambiental es una herramienta crucial para asegurar el cumplimiento ambiental de los regulados. A trav\u00e9s de estos talleres, los diversos actores de la sociedad van internalizando la importancia y necesidad de cumplir rigurosamente con los compromisos y obligaciones ambientales de los proyectos y actividades\u201d, sostuvo la autoridad.<\/p>\n<p style=\"text-align: justify;\">A su turno, Dominique Herv\u00e9, expuso sobre las atribuciones de la SMA, haciendo hincapi\u00e9 en la transparencia activa que la ley exige a la Superintendencia, disponiendo de toda la informaci\u00f3n de Fiscalizaci\u00f3n y sanci\u00f3n en un sistema web accesible a todo p\u00fablico: el Sistema Nacional de Fiscalizaci\u00f3n Ambiental (SNIFA).<\/p>\n<p style=\"text-align: justify;\">Por su parte, la jefa de la Divisi\u00f3n de Sanci\u00f3n y Cumplimiento, Marie Claude Plumer, explic\u00f3 los criterios que utiliza la SMA a la hora de iniciar procedimientos sancionatorios. Mientras que de la Divisi\u00f3n de Fiscalizaci\u00f3n, su jefe Rub\u00e9n Verdugo, explic\u00f3 c\u00f3mo la SMA realiza sus procedimientos en terreno, como tambi\u00e9n el an\u00e1lisis de datos de seguimiento ambiental.<\/p>\n<p style=\"text-align: justify;\">En la charla, participaron algunas autoridades de la Macro Zona Sur, entre ellas, Seremi de Medio Ambiente de: Los Lagos, Jorge Pasminio; La Araucan\u00eda, Marco Pichunman; Los R\u00edos, Carla Pe\u00f1a; y de Magallanes, Claudio Casiccia. Asimismo, concurrieron directores regionales del Servicio de Evaluaci\u00f3n Ambiental (SEA): Nemesio Rivas (PT), del Biob\u00edo; Pamela Godoy (S), de Los R\u00edos; y Alfredo Wendt, de Los Lagos.<\/p>\n<p style=\"text-align: justify;\">Con este taller, la SMA concluy\u00f3 el ciclo 2014 de Promoci\u00f3n al Cumplimiento a los regulados de todo el pa\u00eds. Estas jornadas se replicar\u00e1n el pr\u00f3ximo a\u00f1o, con el fin de que los grupos de inter\u00e9s, que son las contrapartes de la instituci\u00f3n, conozcan a fondo todas las materias vinculadas a la regulaci\u00f3n ambiental en Chile.<\/p>\n<h3 style=\"text-align: justify;\">&nbsp;Ver presentaciones:<\/h3>\n<p style=\"text-align: justify;\"><a class=\"doclink\" href=\"index.php?option=com_docman&amp;task=doc_download&amp;gid=289&amp;Itemid=280\"><img decoding=\"async\" class=\" size-full wp-image-15480\" src=\"https:\/\/portal.sma.gob.cl\/wp-content\/uploads\/2012\/07\/pdf.png\" alt=\"icon\" border=\"0\" width=\"16\" height=\"16\" \/>&nbsp;Taller Promoci\u00f3n al Cumplimiento Puerto Montt -Fiscal\u00eda noviembre 2014<\/a><\/p>\n<p style=\"text-align: justify;\"><a class=\"doclink\" href=\"index.php?option=com_docman&amp;task=doc_download&amp;gid=291&amp;Itemid=280\"><img decoding=\"async\" class=\" size-full wp-image-15480\" src=\"https:\/\/portal.sma.gob.cl\/wp-content\/uploads\/2012\/07\/pdf.png\" alt=\"icon\" border=\"0\" width=\"16\" height=\"16\" \/>&nbsp;Taller Promoci\u00f3n al Cumplimiento Puerto Montt- Fiscalizaci\u00f3n noviembre 2014<\/a><\/p>\n<p style=\"text-align: justify;\"><a class=\"doclink\" href=\"index.php?option=com_docman&amp;task=doc_download&amp;gid=292&amp;Itemid=280\"><img decoding=\"async\" class=\" size-full wp-image-15480\" src=\"https:\/\/portal.sma.gob.cl\/wp-content\/uploads\/2012\/07\/pdf.png\" alt=\"icon\" border=\"0\" width=\"16\" height=\"16\" \/>&nbsp;Taller Promoci\u00f3n al Cumplimiento Puerto Montt- Sanciones noviembre 2014<\/a><\/p>\n<p style=\"text-align: justify;\">&nbsp;<\/p>\n<p style=\"text-align: justify;\">&nbsp;<\/p>\n","protected":false},"excerpt":{"rendered":"<p>La Superintendencia del Medio Ambiente (SMA), efectu\u00f3 la \u00faltima jornada del ciclo de talleres de promoci\u00f3n al cumplimiento para las empresas fiscalizadas por el organismo, en la que se explic\u00f3 las caracter\u00edsticas del proceso de fiscalizaci\u00f3n y sanci\u00f3n.<\/p>\n","protected":false},"author":3,"featured_media":16033,"comment_status":"open","ping_status":"open","sticky":false,"template":"","format":"standard","meta":{"footnotes":""},"categories":[94],"tags":[],"class_list":["post-16034","post","type-post","status-publish","format-standard","has-post-thumbnail","hentry","category-notas-noticias"],"_links":{"self":[{"href":"https:\/\/portal.sma.gob.cl\/index.php\/wp-json\/wp\/v2\/posts\/16034","targetHints":{"allow":["GET"]}}],"collection":[{"href":"https:\/\/portal.sma.gob.cl\/index.php\/wp-json\/wp\/v2\/posts"}],"about":[{"href":"https:\/\/portal.sma.gob.cl\/index.php\/wp-json\/wp\/v2\/types\/post"}],"author":[{"embeddable":true,"href":"https:\/\/portal.sma.gob.cl\/index.php\/wp-json\/wp\/v2\/users\/3"}],"replies":[{"embeddable":true,"href":"https:\/\/portal.sma.gob.cl\/index.php\/wp-json\/wp\/v2\/comments?post=16034"}],"version-history":[{"count":0,"href":"https:\/\/portal.sma.gob.cl\/index.php\/wp-json\/wp\/v2\/posts\/16034\/revisions"}],"wp:featuredmedia":[{"embeddable":true,"href":"https:\/\/portal.sma.gob.cl\/index.php\/wp-json\/wp\/v2\/media\/16033"}],"wp:attachment":[{"href":"https:\/\/portal.sma.gob.cl\/index.php\/wp-json\/wp\/v2\/media?parent=16034"}],"wp:term":[{"taxonomy":"category","embeddable":true,"href":"https:\/\/portal.sma.gob.cl\/index.php\/wp-json\/wp\/v2\/categories?post=16034"},{"taxonomy":"post_tag","embeddable":true,"href":"https:\/\/portal.sma.gob.cl\/index.php\/wp-json\/wp\/v2\/tags?post=16034"}],"curies":[{"name":"wp","href":"https:\/\/api.w.org\/{rel}","templated":true}]}}