{"id":16042,"date":"2014-11-28T13:28:23","date_gmt":"2014-11-28T13:28:23","guid":{"rendered":"https:\/\/portal.sma.gob.cl\/index.php\/2014\/11\/28\/superintendente-se-reune-con-intendente-de-magallanes\/"},"modified":"2014-11-28T13:28:23","modified_gmt":"2014-11-28T13:28:23","slug":"superintendente-se-reune-con-intendente-de-magallanes","status":"publish","type":"post","link":"https:\/\/portal.sma.gob.cl\/index.php\/superintendente-se-reune-con-intendente-de-magallanes\/","title":{"rendered":"Superintendente se re\u00fane con Intendente de Magallanes"},"content":{"rendered":"<p style=\"text-align: justify;\"><strong style=\"font-size: 12.222222328186px; line-height: 1.3em;\"><img decoding=\"async\" class=\"size-auto size-full wp-image-16041\" src=\"https:\/\/portal.sma.gob.cl\/wp-content\/uploads\/2014\/11\/760x_28-11-2014_Superintendente_se_re%C3%BAne_con_autoridades_de_Magallanes.jpg\" alt=\"760x 28-11-2014 Superintendente se re\u00fane con autoridades de Magallanes\" width=\"760\" height=\"300\" \/><\/strong><\/p>\n<p style=\"text-align: justify;\"><strong style=\"font-size: 12.222222328186px; line-height: 1.3em;\">La cita de trabajo con el Intendente, Jorge Flies y el Seremi de Medio Ambiente, Claudio Casiccia, abord\u00f3 los principales temas ambientales de la zona.<\/strong><\/p>\n<p>  <!--more-->  <\/p>\n<p style=\"text-align: justify;\"><strong>Punta Arenas, 26 de noviembre de 2014<\/strong>. El Superintendente del Medio Ambiente, Cristi\u00e1n Franz, sostuvo una reuni\u00f3n de trabajo para abordar los principales temas ambientales de la Regi\u00f3n de Magallanes y la Ant\u00e1rtica Chilena con el Intendente Jorge Flies, y el Seremi de Medio Ambiente, Claudio Casiccia.<\/p>\n<p style=\"text-align: justify;\">En la reuni\u00f3n, donde se abordaron las competencias y facultades de la SMA; as\u00ed como tambi\u00e9n las condiciones en las que se encuentran instalaciones industriales y proyectos acu\u00edcolas que revisten repercusiones ambientales en la regi\u00f3n, participaron tambi\u00e9n el jefe de la Divisi\u00f3n de Fiscalizaci\u00f3n, Rub\u00e9n Verdugo; el jefe del Departamento de Coordinaci\u00f3n Institucional, Juan Carlos Jorquera; el jefe de la Macro Zona Sur, Eduardo Rodr\u00edguez; y el fiscalizador regional; Andy Morrison.<\/p>\n<p style=\"text-align: justify;\">Al respecto, Franz destac\u00f3 la importancia de la coordinaci\u00f3n institucional para resolver estos problemas. \u201cEstas reuniones que he ido sosteniendo con distintas autoridades regionales del pa\u00eds nos sirven para entender de primera fuente los temas que tienen mayor repercusi\u00f3n en la poblaci\u00f3n. En esta regi\u00f3n hemos visto diversos incumplimientos ambientales cuando hemos fiscalizado, por lo cual es fundamental ir avanzando para abordar institucionalmente las tem\u00e1ticas de corto y largo plazo\u201d, sostuvo.<\/p>\n","protected":false},"excerpt":{"rendered":"<p>La cita de trabajo con el Intendente, Jorge Flies y el Seremi de Medio Ambiente, Claudio Casiccia, abord\u00f3 los principales temas ambientales de la zona.<\/p>\n","protected":false},"author":3,"featured_media":16041,"comment_status":"open","ping_status":"open","sticky":false,"template":"","format":"standard","meta":{"footnotes":""},"categories":[94],"tags":[],"class_list":["post-16042","post","type-post","status-publish","format-standard","has-post-thumbnail","hentry","category-notas-noticias"],"_links":{"self":[{"href":"https:\/\/portal.sma.gob.cl\/index.php\/wp-json\/wp\/v2\/posts\/16042","targetHints":{"allow":["GET"]}}],"collection":[{"href":"https:\/\/portal.sma.gob.cl\/index.php\/wp-json\/wp\/v2\/posts"}],"about":[{"href":"https:\/\/portal.sma.gob.cl\/index.php\/wp-json\/wp\/v2\/types\/post"}],"author":[{"embeddable":true,"href":"https:\/\/portal.sma.gob.cl\/index.php\/wp-json\/wp\/v2\/users\/3"}],"replies":[{"embeddable":true,"href":"https:\/\/portal.sma.gob.cl\/index.php\/wp-json\/wp\/v2\/comments?post=16042"}],"version-history":[{"count":0,"href":"https:\/\/portal.sma.gob.cl\/index.php\/wp-json\/wp\/v2\/posts\/16042\/revisions"}],"wp:featuredmedia":[{"embeddable":true,"href":"https:\/\/portal.sma.gob.cl\/index.php\/wp-json\/wp\/v2\/media\/16041"}],"wp:attachment":[{"href":"https:\/\/portal.sma.gob.cl\/index.php\/wp-json\/wp\/v2\/media?parent=16042"}],"wp:term":[{"taxonomy":"category","embeddable":true,"href":"https:\/\/portal.sma.gob.cl\/index.php\/wp-json\/wp\/v2\/categories?post=16042"},{"taxonomy":"post_tag","embeddable":true,"href":"https:\/\/portal.sma.gob.cl\/index.php\/wp-json\/wp\/v2\/tags?post=16042"}],"curies":[{"name":"wp","href":"https:\/\/api.w.org\/{rel}","templated":true}]}}