{"id":16044,"date":"2014-11-28T15:10:19","date_gmt":"2014-11-28T15:10:19","guid":{"rendered":"https:\/\/portal.sma.gob.cl\/index.php\/2014\/11\/28\/cuarta-sesion-del-consejo-de-la-sociedad-civil-2014\/"},"modified":"2014-11-28T15:10:19","modified_gmt":"2014-11-28T15:10:19","slug":"cuarta-sesion-del-consejo-de-la-sociedad-civil-2014","status":"publish","type":"post","link":"https:\/\/portal.sma.gob.cl\/index.php\/cuarta-sesion-del-consejo-de-la-sociedad-civil-2014\/","title":{"rendered":"Cuarta sesi\u00f3n del Consejo de la Sociedad Civil 2014"},"content":{"rendered":"<p style=\"text-align: justify;\"><strong><img decoding=\"async\" class=\"size-auto size-full wp-image-16043\" src=\"https:\/\/portal.sma.gob.cl\/wp-content\/uploads\/2014\/11\/760_x_28-11-2014_SMA_realiza_cuarto_Consejo_de_la_Sociedad_Civil.jpg\" alt=\"760 x 28-11-2014 SMA realiza cuarto Consejo de la Sociedad Civil\" width=\"760\" height=\"300\" srcset=\"https:\/\/portal.sma.gob.cl\/wp-content\/uploads\/2014\/11\/760_x_28-11-2014_SMA_realiza_cuarto_Consejo_de_la_Sociedad_Civil-200x79.jpg 200w, https:\/\/portal.sma.gob.cl\/wp-content\/uploads\/2014\/11\/760_x_28-11-2014_SMA_realiza_cuarto_Consejo_de_la_Sociedad_Civil-300x118.jpg 300w, https:\/\/portal.sma.gob.cl\/wp-content\/uploads\/2014\/11\/760_x_28-11-2014_SMA_realiza_cuarto_Consejo_de_la_Sociedad_Civil-400x158.jpg 400w, https:\/\/portal.sma.gob.cl\/wp-content\/uploads\/2014\/11\/760_x_28-11-2014_SMA_realiza_cuarto_Consejo_de_la_Sociedad_Civil-600x237.jpg 600w, https:\/\/portal.sma.gob.cl\/wp-content\/uploads\/2014\/11\/760_x_28-11-2014_SMA_realiza_cuarto_Consejo_de_la_Sociedad_Civil.jpg 760w\" sizes=\"(max-width: 760px) 100vw, 760px\" \/><\/strong><\/p>\n<p style=\"text-align: justify;\"><strong>En el \u00faltimo encuentro del a\u00f1o, los integrantes conocieron detalles de las entidades t\u00e9cnicas de fiscalizaci\u00f3n y certificaci\u00f3n ambiental.<\/strong><\/p>\n<p>  <!--more-->  <\/p>\n<p style=\"text-align: justify;\"><strong>Santiago, 28 de noviembre de 2014<\/strong>. La Superintendencia del Medio Ambiente (SMA), en el marco de la Ley 20.500, Sobre Asociaciones y Participaci\u00f3n Ciudadana en la Gesti\u00f3n P\u00fablica, cit\u00f3 al Consejo de la Sociedad Civil para realizar su tercera sesi\u00f3n del presente a\u00f1o.<\/p>\n<p style=\"text-align: justify;\">En esta ocasi\u00f3n, los representantes de la instancia aprendieron sobre el Decreto Supremo N\u00b0 38\/2013<a href=\"http:\/\/entidadestecnicas.sma.gob.cl\/Files\/documentos\/DS38%20ETFA.pdf\"> \u201cReglamento de Entidades T\u00e9cnicas de Fiscalizaci\u00f3n Ambiental\u201d <\/a>y el <a href=\"http:\/\/entidadestecnicas.sma.gob.cl\/Files\/documentos\/DS39%20ETCA.pdf\">Decreto Supremo N\u00b0 39\/2013 \u201cReglamento de Entidades T\u00e9cnicas de Certificaci\u00f3n Ambiental\u201d.<\/a><\/p>\n<p style=\"text-align: justify;\">Juan Eduardo Johnson, jefe de la Unidad T\u00e9cnica de Fiscalizaci\u00f3n, explic\u00f3 a los asistentes que la Ley Org\u00e1nica de la Superintendencia del Medio Ambiente (LOSMA) establece en su art\u00edculo 3\u00b0, letra c), que la Superintendencia puede contratar labores de inspecci\u00f3n, verificaci\u00f3n, mediciones y an\u00e1lisis del cumplimientos de instrumentos de gesti\u00f3n ambiental, a terceros id\u00f3neos debidamente certificados, para lo cual se crearon estos decretos mencionados.<\/p>\n<p style=\"text-align: justify;\"><strong>Participantes de la reuni\u00f3n<\/strong><\/p>\n<p style=\"text-align: justify;\">En la sesi\u00f3n de hoy, participaron nueve miembros del Consejo: Su presidente, Sergio Montenegro (Centro de Derecho Ambiental de la U. de Chile); Constanza Pantale\u00f3n (CPC); Felipe Labra (U. de Chile); Ignacio Urbina (Comunidad y Justicia); Alex Sol\u00eds (CUT); Ricardo Barra (U. de Concepci\u00f3n) y Jaime Esp\u00ednola (Sofofa).<\/p>\n<p style=\"text-align: justify;\">El Consejo tiene un car\u00e1cter consultivo, representativo, plural y diverso. Tambi\u00e9n participa en los procesos de consulta de los planes, programas o pol\u00edticas en materia de seguimiento y fiscalizaci\u00f3n ambiental que la instituci\u00f3n estime pertinente. La instancia est\u00e1 integrada por 10 representantes de gremios, ONG, universidades y centros de estudio.<\/p>\n","protected":false},"excerpt":{"rendered":"<p>En el \u00faltimo encuentro del a\u00f1o, los integrantes conocieron detalles de las entidades t\u00e9cnicas de fiscalizaci\u00f3n y certificaci\u00f3n ambiental.<\/p>\n","protected":false},"author":3,"featured_media":16043,"comment_status":"open","ping_status":"open","sticky":false,"template":"","format":"standard","meta":{"footnotes":""},"categories":[94],"tags":[],"class_list":["post-16044","post","type-post","status-publish","format-standard","has-post-thumbnail","hentry","category-notas-noticias"],"_links":{"self":[{"href":"https:\/\/portal.sma.gob.cl\/index.php\/wp-json\/wp\/v2\/posts\/16044","targetHints":{"allow":["GET"]}}],"collection":[{"href":"https:\/\/portal.sma.gob.cl\/index.php\/wp-json\/wp\/v2\/posts"}],"about":[{"href":"https:\/\/portal.sma.gob.cl\/index.php\/wp-json\/wp\/v2\/types\/post"}],"author":[{"embeddable":true,"href":"https:\/\/portal.sma.gob.cl\/index.php\/wp-json\/wp\/v2\/users\/3"}],"replies":[{"embeddable":true,"href":"https:\/\/portal.sma.gob.cl\/index.php\/wp-json\/wp\/v2\/comments?post=16044"}],"version-history":[{"count":0,"href":"https:\/\/portal.sma.gob.cl\/index.php\/wp-json\/wp\/v2\/posts\/16044\/revisions"}],"wp:featuredmedia":[{"embeddable":true,"href":"https:\/\/portal.sma.gob.cl\/index.php\/wp-json\/wp\/v2\/media\/16043"}],"wp:attachment":[{"href":"https:\/\/portal.sma.gob.cl\/index.php\/wp-json\/wp\/v2\/media?parent=16044"}],"wp:term":[{"taxonomy":"category","embeddable":true,"href":"https:\/\/portal.sma.gob.cl\/index.php\/wp-json\/wp\/v2\/categories?post=16044"},{"taxonomy":"post_tag","embeddable":true,"href":"https:\/\/portal.sma.gob.cl\/index.php\/wp-json\/wp\/v2\/tags?post=16044"}],"curies":[{"name":"wp","href":"https:\/\/api.w.org\/{rel}","templated":true}]}}