{"id":16050,"date":"2014-11-27T10:56:14","date_gmt":"2014-11-27T10:56:14","guid":{"rendered":"https:\/\/portal.sma.gob.cl\/index.php\/2014\/11\/27\/profesionales-de-la-sma-se-capacitan-en-bioestadistica\/"},"modified":"2014-11-27T10:56:14","modified_gmt":"2014-11-27T10:56:14","slug":"profesionales-de-la-sma-se-capacitan-en-bioestadistica","status":"publish","type":"post","link":"https:\/\/portal.sma.gob.cl\/index.php\/profesionales-de-la-sma-se-capacitan-en-bioestadistica\/","title":{"rendered":"Profesionales de la SMA se capacitan en bioestad\u00edstica"},"content":{"rendered":"<p style=\"text-align: justify;\"><strong><img decoding=\"async\" class=\"size-auto size-full wp-image-16049\" src=\"https:\/\/portal.sma.gob.cl\/wp-content\/uploads\/2014\/11\/760_x_02-12-2014_SMA_se_capacita_en_Bioestad%C3%ADstica.jpg\" alt=\"760 x 02-12-2014 SMA se capacita en Bioestad\u00edstica\" width=\"760\" height=\"300\" \/><\/strong><\/p>\n<p style=\"text-align: justify;\"><strong>Fiscalizadores de la Superintendencia del Medio Ambiente (SMA), junto a profesionales de SAG, DGA y Directemar participaron en el curso \u201cBioestad\u00edstica para problemas del Medio Ambiente\u201d.<\/strong><\/p>\n<p>  <!--more-->  <\/p>\n<p style=\"text-align: justify;\"><strong>Santiago, 27 de noviembre de 2014<\/strong>. En dependencias de la Superintendencia del Medio Ambiente (SMA), entre los d\u00edas lunes 24 y jueves 27 de noviembre, docentes especialistas en Bioestad\u00edstica de la Universidad de Los Andes dictaron el curso \u201cBioestad\u00edstica para problemas del Medio Ambiente\u201d, dirigido a profesionales que realizan fiscalizaci\u00f3n en terreno, como a su vez, de seguimiento de variables ambientales.<\/p>\n<p style=\"text-align: justify;\">En la instancia, tambi\u00e9n participaron funcionarios del Servicio Agr\u00edcola y Ganadero (SAG), la Direcci\u00f3n General de Aguas (DGA) y la Direcci\u00f3n General del Territorio Mar\u00edtimo y Marina Mercante (Directemar).<\/p>\n<p style=\"text-align: justify;\">El objetivo de la capacitaci\u00f3n fue impartir los fundamentos conceptuales de la bioestad\u00edstica para la correcta aplicaci\u00f3n de sus m\u00e9todos y t\u00e9cnicas, como una herramienta en la investigaci\u00f3n cient\u00edfica, entendiendo los procedimientos de an\u00e1lisis de datos utilizados en variables ambientales e interpretar los datos de manera estad\u00edstica. Esto, con el objetivo de fortalecer la tarea de fiscalizaci\u00f3n de la SMA, para preparar levantamiento de evidencia y posteriormente, determinar riesgo o da\u00f1o ambiental, en casos que lo amerite.<\/p>\n<p style=\"text-align: justify;\">Una vez finalizadas las evaluaciones de los participantes, \u00e9stos recibir\u00e1n un certificado que acredita su participaci\u00f3n en curso.<\/p>\n","protected":false},"excerpt":{"rendered":"<p>Fiscalizadores de la Superintendencia del Medio Ambiente (SMA), junto a profesionales de SAG, DGA y Directemar participaron en el curso \u201cBioestad\u00edstica para problemas del Medio Ambiente\u201d.<\/p>\n","protected":false},"author":3,"featured_media":16049,"comment_status":"open","ping_status":"open","sticky":false,"template":"","format":"standard","meta":{"footnotes":""},"categories":[94],"tags":[],"class_list":["post-16050","post","type-post","status-publish","format-standard","has-post-thumbnail","hentry","category-notas-noticias"],"_links":{"self":[{"href":"https:\/\/portal.sma.gob.cl\/index.php\/wp-json\/wp\/v2\/posts\/16050","targetHints":{"allow":["GET"]}}],"collection":[{"href":"https:\/\/portal.sma.gob.cl\/index.php\/wp-json\/wp\/v2\/posts"}],"about":[{"href":"https:\/\/portal.sma.gob.cl\/index.php\/wp-json\/wp\/v2\/types\/post"}],"author":[{"embeddable":true,"href":"https:\/\/portal.sma.gob.cl\/index.php\/wp-json\/wp\/v2\/users\/3"}],"replies":[{"embeddable":true,"href":"https:\/\/portal.sma.gob.cl\/index.php\/wp-json\/wp\/v2\/comments?post=16050"}],"version-history":[{"count":0,"href":"https:\/\/portal.sma.gob.cl\/index.php\/wp-json\/wp\/v2\/posts\/16050\/revisions"}],"wp:featuredmedia":[{"embeddable":true,"href":"https:\/\/portal.sma.gob.cl\/index.php\/wp-json\/wp\/v2\/media\/16049"}],"wp:attachment":[{"href":"https:\/\/portal.sma.gob.cl\/index.php\/wp-json\/wp\/v2\/media?parent=16050"}],"wp:term":[{"taxonomy":"category","embeddable":true,"href":"https:\/\/portal.sma.gob.cl\/index.php\/wp-json\/wp\/v2\/categories?post=16050"},{"taxonomy":"post_tag","embeddable":true,"href":"https:\/\/portal.sma.gob.cl\/index.php\/wp-json\/wp\/v2\/tags?post=16050"}],"curies":[{"name":"wp","href":"https:\/\/api.w.org\/{rel}","templated":true}]}}