{"id":16054,"date":"2014-12-04T19:42:04","date_gmt":"2014-12-04T19:42:04","guid":{"rendered":"https:\/\/portal.sma.gob.cl\/index.php\/2014\/12\/04\/superintendente-participa-en-exponaval-2014\/"},"modified":"2014-12-04T19:42:04","modified_gmt":"2014-12-04T19:42:04","slug":"superintendente-participa-en-exponaval-2014","status":"publish","type":"post","link":"https:\/\/portal.sma.gob.cl\/index.php\/superintendente-participa-en-exponaval-2014\/","title":{"rendered":"Superintendente participa en Exponaval 2014"},"content":{"rendered":"<p style=\"text-align: justify;\"><strong><img decoding=\"async\" class=\"size-auto size-full wp-image-16053\" src=\"https:\/\/portal.sma.gob.cl\/wp-content\/uploads\/2014\/12\/760x_03-12-2014_Superintendente_en_Exponaval.jpg\" alt=\"760x 03-12-2014 Superintendente en Exponaval\" width=\"760\" height=\"300\" srcset=\"https:\/\/portal.sma.gob.cl\/wp-content\/uploads\/2014\/12\/760x_03-12-2014_Superintendente_en_Exponaval-200x79.jpg 200w, https:\/\/portal.sma.gob.cl\/wp-content\/uploads\/2014\/12\/760x_03-12-2014_Superintendente_en_Exponaval-300x118.jpg 300w, https:\/\/portal.sma.gob.cl\/wp-content\/uploads\/2014\/12\/760x_03-12-2014_Superintendente_en_Exponaval-400x158.jpg 400w, https:\/\/portal.sma.gob.cl\/wp-content\/uploads\/2014\/12\/760x_03-12-2014_Superintendente_en_Exponaval-600x237.jpg 600w, https:\/\/portal.sma.gob.cl\/wp-content\/uploads\/2014\/12\/760x_03-12-2014_Superintendente_en_Exponaval.jpg 760w\" sizes=\"(max-width: 760px) 100vw, 760px\" \/><\/strong><\/p>\n<p style=\"text-align: justify;\"><strong>El Superintendente del Medio Ambiente, Cristi\u00e1n Franz, asisti\u00f3 al evento organizado por la Armada de Chile en Valpara\u00edso, donde dict\u00f3 una conferencia sobre los desaf\u00edos medioambientales de la industria mar\u00edtima.<\/strong><\/p>\n<p>  <!--more-->  <\/p>\n<p style=\"text-align: justify;\"><strong>Valpara\u00edso, 03 de diciembre de 2014<\/strong>. El Superintendente del Medio Ambiente, Cristi\u00e1n Franz, particip\u00f3 en el evento internacional \u201cExponaval &amp; Transport-2014\u201d, organizado por la Armada de Chile, y que se est\u00e1 efectuando en Valpara\u00edso entre los d\u00edas 2 y 5 de Diciembre.<br \/>En el marco de la conferencia denominada \u201cEl desaf\u00edo de Las Armadas y de la industria mar\u00edtima en eficiencia energ\u00e9tica y Medio Ambiente\u201d, la autoridad expuso en el panel sobre las regulaciones vigentes en medio ambiente mar\u00edtimo y los desaf\u00edos previstos en el \u00e1rea.<\/p>\n<p style=\"text-align: justify;\">Sobre esta tem\u00e1tica, inaugur\u00f3 la sesi\u00f3n el Ministro de Energ\u00eda M\u00e1ximo Pacheco, y en las conferencias participaron el Contraalmirante, Director General del Territorio Mar\u00edtimo y Marina Mercante (S), Iv\u00e1n Valenzuela; el Deputy Manager de Intertannko (Internationtal Association of Independent Tanker), Joseph J. Angelo; el Head de Air Pollution and Energy Efficiency de IMO (International Maritime Organization), Edmund Hughes, entre otros exponentes.<\/p>\n<p style=\"text-align: justify;\">Franz expuso sobre las \u201cAtribuciones de Fiscalizaci\u00f3n de la Superintendencia del Medio Ambiente\u201d, especialmente enfocado en el caso del reciente derrame de petr\u00f3leo en Quintero. En su intervenci\u00f3n, el Superintendente explic\u00f3 que apenas se tuvo conocimiento del derrame, la SMA requiri\u00f3 informaci\u00f3n a la empresa Enap respecto del cumplimiento de su Resoluci\u00f3n de Calificaci\u00f3n Ambiental (RCA), y posteriormente, en coordinaci\u00f3n con la Armada de Chile, colabor\u00f3 con tareas de inspecci\u00f3n submarina para analizar el estado del lecho marino y la columna de agua en la zona de la bah\u00eda de Quintero en donde ocurri\u00f3 el accidente.<\/p>\n<p style=\"text-align: justify;\">\u201cLa Superintendencia del Medio Ambiente es un organismo que trabaja en conjunto con una serie de otros servicios del estado para lograr el cumplimiento ambiental en el pa\u00eds. A trav\u00e9s de la Red Nacional de Fiscalizaci\u00f3n Ambiental que lideramos, coordinamos en este caso el trabajo con Directemar para lograr una fiscalizaci\u00f3n efectiva y r\u00e1pida\u201d, explic\u00f3 Franz.<\/p>\n<p style=\"text-align: justify;\">El Superintendente tuvo la oportunidad de compartir experiencias con los exponentes a nivel nacional e internacional y establecer redes que permitan potenciar la labor de la Superintendencia.<\/p>\n","protected":false},"excerpt":{"rendered":"<p>El Superintendente del Medio Ambiente, Cristi\u00e1n Franz, asisti\u00f3 al evento organizado por la Armada de Chile en Valpara\u00edso, donde dict\u00f3 una conferencia sobre los desaf\u00edos medioambientales de la industria mar\u00edtima.<\/p>\n","protected":false},"author":3,"featured_media":16053,"comment_status":"open","ping_status":"open","sticky":false,"template":"","format":"standard","meta":{"footnotes":""},"categories":[94],"tags":[],"class_list":["post-16054","post","type-post","status-publish","format-standard","has-post-thumbnail","hentry","category-notas-noticias"],"_links":{"self":[{"href":"https:\/\/portal.sma.gob.cl\/index.php\/wp-json\/wp\/v2\/posts\/16054","targetHints":{"allow":["GET"]}}],"collection":[{"href":"https:\/\/portal.sma.gob.cl\/index.php\/wp-json\/wp\/v2\/posts"}],"about":[{"href":"https:\/\/portal.sma.gob.cl\/index.php\/wp-json\/wp\/v2\/types\/post"}],"author":[{"embeddable":true,"href":"https:\/\/portal.sma.gob.cl\/index.php\/wp-json\/wp\/v2\/users\/3"}],"replies":[{"embeddable":true,"href":"https:\/\/portal.sma.gob.cl\/index.php\/wp-json\/wp\/v2\/comments?post=16054"}],"version-history":[{"count":0,"href":"https:\/\/portal.sma.gob.cl\/index.php\/wp-json\/wp\/v2\/posts\/16054\/revisions"}],"wp:featuredmedia":[{"embeddable":true,"href":"https:\/\/portal.sma.gob.cl\/index.php\/wp-json\/wp\/v2\/media\/16053"}],"wp:attachment":[{"href":"https:\/\/portal.sma.gob.cl\/index.php\/wp-json\/wp\/v2\/media?parent=16054"}],"wp:term":[{"taxonomy":"category","embeddable":true,"href":"https:\/\/portal.sma.gob.cl\/index.php\/wp-json\/wp\/v2\/categories?post=16054"},{"taxonomy":"post_tag","embeddable":true,"href":"https:\/\/portal.sma.gob.cl\/index.php\/wp-json\/wp\/v2\/tags?post=16054"}],"curies":[{"name":"wp","href":"https:\/\/api.w.org\/{rel}","templated":true}]}}