{"id":16056,"date":"2014-12-04T19:55:21","date_gmt":"2014-12-04T19:55:21","guid":{"rendered":"https:\/\/portal.sma.gob.cl\/index.php\/2014\/12\/04\/se-realiza-primera-reunion-del-comite-consultivo-de-renfa\/"},"modified":"2014-12-04T19:55:21","modified_gmt":"2014-12-04T19:55:21","slug":"se-realiza-primera-reunion-del-comite-consultivo-de-renfa","status":"publish","type":"post","link":"https:\/\/portal.sma.gob.cl\/index.php\/se-realiza-primera-reunion-del-comite-consultivo-de-renfa\/","title":{"rendered":"Se realiza primera reuni\u00f3n del Comit\u00e9 Consultivo de RENFA"},"content":{"rendered":"<p style=\"text-align: justify;\"><strong><img decoding=\"async\" class=\"size-auto size-full wp-image-16055\" src=\"https:\/\/portal.sma.gob.cl\/wp-content\/uploads\/2014\/12\/760x_04-12-2014_SMA_realiza_reuni%C3%B3n_de_coordinaci%C3%B3n_de_RENFA.jpg\" alt=\"760x 04-12-2014 SMA realiza reuni\u00f3n de coordinaci\u00f3n de RENFA\" width=\"760\" height=\"300\" \/><\/strong><\/p>\n<p style=\"text-align: justify;\"><strong>En dependencias de Superintendencia del Medio Ambiente (SMA) se reunieron los 16 servicios p\u00fablicos que forman parte de la Red Nacional de Fiscalizaci\u00f3n Ambiental.<\/strong><\/p>\n<p>  <!--more-->  <\/p>\n<p style=\"text-align: justify;\"><strong>Santiago, 04 de diciembre de 2014<\/strong>. Esta ma\u00f1ana, con la presencia de representantes de 16 organismos p\u00fablicos, se realiz\u00f3 la primera reuni\u00f3n del Comit\u00e9 Consultivo de la Red Nacional de Fiscalizaci\u00f3n Ambiental (RENFA), formada en agosto de 2014.<\/p>\n<p style=\"text-align: justify;\">La Superintendencia del Medio Ambiente (SMA) coordina la RENFA, plataforma que genera sinergias en el trabajo de 16 servicios p\u00fablicos que tienen competencias en el \u00e1mbito medioambiental, buscando un trabajo coordinado y con mayores eficiencias en el uso de los recursos del Estado.<\/p>\n<p style=\"text-align: justify;\">\u201cSe cre\u00f3 la RENFA porque la ciudadan\u00eda est\u00e1 cada vez m\u00e1s empoderada y busca ejercer su derecho a vivir en un medioambiente libre de contaminaci\u00f3n. La fiscalizaci\u00f3n y el control ambiental es crucial para que las empresas sigan al pie de la letra sus compromisos legales y regulatorios\u201d, dijo el Superintendente del Medio Ambiente, Cristi\u00e1n Franz, a dar inicio a la reuni\u00f3n.<\/p>\n<p style=\"text-align: justify;\">A la vez, el Ministro del Medio Ambiente, Pablo Badenier, hizo hincapi\u00e9 en la necesidad de seguir profundizando en el trabajo coordinado para mejorar la fiscalizaci\u00f3n ambiental en el pa\u00eds. Tambi\u00e9n destac\u00f3 el compromiso del programa de Gobierno de la Presidenta Bachelet, que busca dotar de oficinas regionales a la SMA en todo el pa\u00eds hacia 2018.<\/p>\n<p style=\"text-align: justify;\">En la oportunidad, el jefe de la Divisi\u00f3n de Fiscalizaci\u00f3n, Rub\u00e9n Verdugo, hizo un balance de la gesti\u00f3n de la fiscalizaci\u00f3n 2014, y a la vez se fij\u00f3 la propuesta del Programa de Fiscalizaci\u00f3n 2015. En ese sentido, se puso \u00e9nfasis en mejorar la coordinaci\u00f3n del trabajo entre los 16 servicios; el desarrollo de protocolos de fiscalizaci\u00f3n \u2013para homogeneizar los criterios en todo el pa\u00eds-; y la gesti\u00f3n de una glosa presupuestaria especial destinada a la fiscalizaci\u00f3n ambiental en todos los servicios que participan de RENFA.<\/p>\n","protected":false},"excerpt":{"rendered":"<p>En dependencias de Superintendencia del Medio Ambiente (SMA) se reunieron los 16 servicios p\u00fablicos que forman parte de la Red Nacional de Fiscalizaci\u00f3n Ambiental.<\/p>\n","protected":false},"author":3,"featured_media":16055,"comment_status":"open","ping_status":"open","sticky":false,"template":"","format":"standard","meta":{"footnotes":""},"categories":[94],"tags":[],"class_list":["post-16056","post","type-post","status-publish","format-standard","has-post-thumbnail","hentry","category-notas-noticias"],"_links":{"self":[{"href":"https:\/\/portal.sma.gob.cl\/index.php\/wp-json\/wp\/v2\/posts\/16056","targetHints":{"allow":["GET"]}}],"collection":[{"href":"https:\/\/portal.sma.gob.cl\/index.php\/wp-json\/wp\/v2\/posts"}],"about":[{"href":"https:\/\/portal.sma.gob.cl\/index.php\/wp-json\/wp\/v2\/types\/post"}],"author":[{"embeddable":true,"href":"https:\/\/portal.sma.gob.cl\/index.php\/wp-json\/wp\/v2\/users\/3"}],"replies":[{"embeddable":true,"href":"https:\/\/portal.sma.gob.cl\/index.php\/wp-json\/wp\/v2\/comments?post=16056"}],"version-history":[{"count":0,"href":"https:\/\/portal.sma.gob.cl\/index.php\/wp-json\/wp\/v2\/posts\/16056\/revisions"}],"wp:featuredmedia":[{"embeddable":true,"href":"https:\/\/portal.sma.gob.cl\/index.php\/wp-json\/wp\/v2\/media\/16055"}],"wp:attachment":[{"href":"https:\/\/portal.sma.gob.cl\/index.php\/wp-json\/wp\/v2\/media?parent=16056"}],"wp:term":[{"taxonomy":"category","embeddable":true,"href":"https:\/\/portal.sma.gob.cl\/index.php\/wp-json\/wp\/v2\/categories?post=16056"},{"taxonomy":"post_tag","embeddable":true,"href":"https:\/\/portal.sma.gob.cl\/index.php\/wp-json\/wp\/v2\/tags?post=16056"}],"curies":[{"name":"wp","href":"https:\/\/api.w.org\/{rel}","templated":true}]}}