{"id":16058,"date":"2014-12-05T17:38:28","date_gmt":"2014-12-05T17:38:28","guid":{"rendered":"https:\/\/portal.sma.gob.cl\/index.php\/2014\/12\/05\/sma-ordena-la-clausura-temporal-del-autodromo-de-codegua\/"},"modified":"2014-12-05T17:38:28","modified_gmt":"2014-12-05T17:38:28","slug":"sma-ordena-la-clausura-temporal-del-autodromo-de-codegua","status":"publish","type":"post","link":"https:\/\/portal.sma.gob.cl\/index.php\/sma-ordena-la-clausura-temporal-del-autodromo-de-codegua\/","title":{"rendered":"SMA ordena la clausura temporal del Aut\u00f3dromo de Codegua"},"content":{"rendered":"<p><strong><img decoding=\"async\" class=\"size-auto size-full wp-image-16057\" src=\"https:\/\/portal.sma.gob.cl\/wp-content\/uploads\/2014\/12\/Sin_titulo-3.jpg\" alt=\"Sin titulo-3\" width=\"760\" height=\"300\" srcset=\"https:\/\/portal.sma.gob.cl\/wp-content\/uploads\/2014\/12\/Sin_titulo-3-200x79.jpg 200w, https:\/\/portal.sma.gob.cl\/wp-content\/uploads\/2014\/12\/Sin_titulo-3-300x118.jpg 300w, https:\/\/portal.sma.gob.cl\/wp-content\/uploads\/2014\/12\/Sin_titulo-3-400x158.jpg 400w, https:\/\/portal.sma.gob.cl\/wp-content\/uploads\/2014\/12\/Sin_titulo-3-600x237.jpg 600w, https:\/\/portal.sma.gob.cl\/wp-content\/uploads\/2014\/12\/Sin_titulo-3.jpg 760w\" sizes=\"(max-width: 760px) 100vw, 760px\" \/><\/strong><\/p>\n<p><strong>La Superintendencia del Medio Ambiente (SMA), solicit\u00f3 al Segundo Tribunal Ambiental de Santiago la autorizaci\u00f3n para clausurar temporalmente el recinto deportivo los d\u00edas 6 y 7 de diciembre.<\/strong><\/p>\n<p>  <!--more-->  <\/p>\n<p><strong>Santiago, 05 de diciembre de 2014.<\/strong> La Superintendencia del Medio Ambiente (SMA) solicit\u00f3 al Ilustre Segundo Tribunal Ambiental de Santiago la autorizaci\u00f3n judicial para decretar la medida provisional con fines exclusivamente cautelares, correspondiente a la clausura temporal total del proyecto \u201cEquipamiento Deportivo Aut\u00f3dromo Codegua\u201d del titular Inversiones Estancilla S.A., ubicado en la Regi\u00f3n del Libertador Bernardo O\u2019Higgins, espec\u00edficamente los d\u00edas 6 y 7 de diciembre de 2014.<\/p>\n<p>La medida, que se solicita antes del inicio del procedimiento administrativo sancionatorio, busca proteger la salud de las personas de las comunidades contiguas al aut\u00f3dromo, como Codegua, Mostazal y sus alrededores.<\/p>\n<p>Esto, porque debido a diversas denuncias recibidas por la SMA, se realizaron dos actividades de fiscalizaci\u00f3n en el recinto los d\u00edas 10 de septiembre y 7 de noviembre de 2014, en las que participaron la Seremi de Salud, Conaf, SAG y la Seremi de Obras P\u00fablicas, todos de la Regi\u00f3n de O\u2019Higgins. En dichas inspecciones se busc\u00f3 constatar el cumplimiento de las medidas establecidas en la Resoluci\u00f3n de Calificaci\u00f3n Ambiental (RCA N\u00b086\/2012), detectando las siguientes infracciones:<\/p>\n<p>\u2022 La barrera ac\u00fastica instalada no cumple con las caracter\u00edsticas constructivas aprobadas en su RCA.<br \/>\u2022 Niveles de presi\u00f3n sonora sobre los l\u00edmites m\u00e1ximos permitidos en el D.S. N\u00b0 146\/1997.<\/p>\n<p>En forma adicional, se comprob\u00f3 que los d\u00edas 23 y 24 de noviembre de 2014, se llev\u00f3 a cabo la s\u00e9ptima fecha del Campeonato Chileno de Velocidad, donde participan motocicletas, lo cual difiere de lo ambientalmente aprobado para el recinto.<\/p>\n<p>Por todas estas razones, el Superintendente del Medio Ambiente, Cristi\u00e1n Franz, present\u00f3 la medida cautelar, la cual fue aprobada por el ministro de turno, Rafael Asenjo, el d\u00eda 4 de diciembre y notificada al titular de la actividad hoy viernes 5 de diciembre. Dicha medida regir\u00e1 los d\u00edas 6 y 7 de diciembre, para evitar los ruidos molestos que generar\u00e1 la Octava fecha del Campeonato Chileno de Velocidad.<\/p>\n","protected":false},"excerpt":{"rendered":"<p>La Superintendencia del Medio Ambiente (SMA), solicit\u00f3 al Segundo Tribunal Ambiental de Santiago la autorizaci\u00f3n para clausurar temporalmente el recinto deportivo los d\u00edas 6 y 7 de diciembre.<\/p>\n","protected":false},"author":3,"featured_media":16057,"comment_status":"open","ping_status":"open","sticky":false,"template":"","format":"standard","meta":{"footnotes":""},"categories":[90],"tags":[],"class_list":["post-16058","post","type-post","status-publish","format-standard","has-post-thumbnail","hentry","category-comunicados-noticias"],"_links":{"self":[{"href":"https:\/\/portal.sma.gob.cl\/index.php\/wp-json\/wp\/v2\/posts\/16058","targetHints":{"allow":["GET"]}}],"collection":[{"href":"https:\/\/portal.sma.gob.cl\/index.php\/wp-json\/wp\/v2\/posts"}],"about":[{"href":"https:\/\/portal.sma.gob.cl\/index.php\/wp-json\/wp\/v2\/types\/post"}],"author":[{"embeddable":true,"href":"https:\/\/portal.sma.gob.cl\/index.php\/wp-json\/wp\/v2\/users\/3"}],"replies":[{"embeddable":true,"href":"https:\/\/portal.sma.gob.cl\/index.php\/wp-json\/wp\/v2\/comments?post=16058"}],"version-history":[{"count":0,"href":"https:\/\/portal.sma.gob.cl\/index.php\/wp-json\/wp\/v2\/posts\/16058\/revisions"}],"wp:featuredmedia":[{"embeddable":true,"href":"https:\/\/portal.sma.gob.cl\/index.php\/wp-json\/wp\/v2\/media\/16057"}],"wp:attachment":[{"href":"https:\/\/portal.sma.gob.cl\/index.php\/wp-json\/wp\/v2\/media?parent=16058"}],"wp:term":[{"taxonomy":"category","embeddable":true,"href":"https:\/\/portal.sma.gob.cl\/index.php\/wp-json\/wp\/v2\/categories?post=16058"},{"taxonomy":"post_tag","embeddable":true,"href":"https:\/\/portal.sma.gob.cl\/index.php\/wp-json\/wp\/v2\/tags?post=16058"}],"curies":[{"name":"wp","href":"https:\/\/api.w.org\/{rel}","templated":true}]}}