{"id":16060,"date":"2014-12-10T19:04:19","date_gmt":"2014-12-10T19:04:19","guid":{"rendered":"https:\/\/portal.sma.gob.cl\/index.php\/2014\/12\/10\/profesionales-de-la-sma-se-capacitan-en-metodologia-de-evaluacion-de-riesgo-ambiental\/"},"modified":"2014-12-10T19:04:19","modified_gmt":"2014-12-10T19:04:19","slug":"profesionales-de-la-sma-se-capacitan-en-metodologia-de-evaluacion-de-riesgo-ambiental","status":"publish","type":"post","link":"https:\/\/portal.sma.gob.cl\/index.php\/profesionales-de-la-sma-se-capacitan-en-metodologia-de-evaluacion-de-riesgo-ambiental\/","title":{"rendered":"Profesionales de la SMA se capacitan en Metodolog\u00eda de Evaluaci\u00f3n de Riesgo Ambiental"},"content":{"rendered":"<p style=\"text-align: justify;\"><strong><img decoding=\"async\" class=\"size-auto size-full wp-image-16059\" src=\"https:\/\/portal.sma.gob.cl\/wp-content\/uploads\/2014\/12\/760x_10-12-2014_taller_profesionales_SMA.jpg\" alt=\"760x 10-12-2014 taller profesionales SMA\" width=\"760\" height=\"300\" srcset=\"https:\/\/portal.sma.gob.cl\/wp-content\/uploads\/2014\/12\/760x_10-12-2014_taller_profesionales_SMA-200x79.jpg 200w, https:\/\/portal.sma.gob.cl\/wp-content\/uploads\/2014\/12\/760x_10-12-2014_taller_profesionales_SMA-300x118.jpg 300w, https:\/\/portal.sma.gob.cl\/wp-content\/uploads\/2014\/12\/760x_10-12-2014_taller_profesionales_SMA-400x158.jpg 400w, https:\/\/portal.sma.gob.cl\/wp-content\/uploads\/2014\/12\/760x_10-12-2014_taller_profesionales_SMA-600x237.jpg 600w, https:\/\/portal.sma.gob.cl\/wp-content\/uploads\/2014\/12\/760x_10-12-2014_taller_profesionales_SMA.jpg 760w\" sizes=\"(max-width: 760px) 100vw, 760px\" \/><\/strong><\/p>\n<p style=\"text-align: justify;\"><strong>Profesionales de la Superintendencia del Medio Ambiente (SMA), participaron en el curso \u201cEvaluaci\u00f3n de Riesgo Ambiental\u201d, impartido por Fundaci\u00f3n Chile.<\/strong><\/p>\n<p>  <!--more-->  <\/p>\n<p style=\"text-align: justify;\"><span style=\"font-size: 12.222222328186px; line-height: 1.3em;\"><strong>Viernes 05 de diciembre de 2014<\/strong>. En dependencias de la Superintendencia del Medio Ambiente (SMA) profesionales de la Fundaci\u00f3n Chile realizaron la primera de tres jornadas del curso \u201cEvaluaci\u00f3n de Riesgo Ambiental (ERA)\u201d, dirigido a profesionales que realizan actividades de fiscalizaci\u00f3n ambiental; junto a profesionales de la Divisi\u00f3n de Sanci\u00f3n y Cumplimiento.<\/span><\/p>\n<p style=\"text-align: justify;\">El objetivo de la capacitaci\u00f3n fue impartir los fundamentos del concepto de riesgo ambiental, Principales casos donde se ha implementado la metodolog\u00eda de riesgo ambiental, metodolog\u00edas internacionales, entre otros. Adem\u00e1s, se analizaron las herramientas existentes en Chile para la regulaci\u00f3n en torno a esta materia.<\/p>\n<p style=\"text-align: justify;\">Por otro lado, se explic\u00f3 el protocolo para la caracterizaci\u00f3n inicial de un sitio con potencial presencia de contaminantes, en cuanto a la recopilaci\u00f3n de los datos de muestra, identificaci\u00f3n de la o las fuentes contaminantes, etc. Finalmente, se trat\u00f3 la manera de c\u00f3mo aplicar una metodolog\u00eda adecuada para evaluar la naturaleza, extensi\u00f3n y severidad de la contaminaci\u00f3n.<\/p>\n<p style=\"text-align: justify;\">El viernes 12 de diciembre est\u00e1 programada la segunda jornada del curso, en el que se analizar\u00e1 la evaluaci\u00f3n de la toxicidad y exposici\u00f3n de diferentes contaminantes de las actividades industriales.<\/p>\n<p style=\"text-align: justify;\">En tanto, a fines de diciembre se efectuar\u00e1 un trabajo pr\u00e1ctico en terreno, donde se aplicar\u00e1n los conocimientos adquiridos en el taller, como \u00faltima actividad que cierra el curso.<\/p>\n","protected":false},"excerpt":{"rendered":"<p>Profesionales de la Superintendencia del Medio Ambiente (SMA), participaron en el curso \u201cEvaluaci\u00f3n de Riesgo Ambiental\u201d, impartido por Fundaci\u00f3n Chile.<\/p>\n","protected":false},"author":3,"featured_media":16059,"comment_status":"open","ping_status":"open","sticky":false,"template":"","format":"standard","meta":{"footnotes":""},"categories":[94],"tags":[],"class_list":["post-16060","post","type-post","status-publish","format-standard","has-post-thumbnail","hentry","category-notas-noticias"],"_links":{"self":[{"href":"https:\/\/portal.sma.gob.cl\/index.php\/wp-json\/wp\/v2\/posts\/16060","targetHints":{"allow":["GET"]}}],"collection":[{"href":"https:\/\/portal.sma.gob.cl\/index.php\/wp-json\/wp\/v2\/posts"}],"about":[{"href":"https:\/\/portal.sma.gob.cl\/index.php\/wp-json\/wp\/v2\/types\/post"}],"author":[{"embeddable":true,"href":"https:\/\/portal.sma.gob.cl\/index.php\/wp-json\/wp\/v2\/users\/3"}],"replies":[{"embeddable":true,"href":"https:\/\/portal.sma.gob.cl\/index.php\/wp-json\/wp\/v2\/comments?post=16060"}],"version-history":[{"count":0,"href":"https:\/\/portal.sma.gob.cl\/index.php\/wp-json\/wp\/v2\/posts\/16060\/revisions"}],"wp:featuredmedia":[{"embeddable":true,"href":"https:\/\/portal.sma.gob.cl\/index.php\/wp-json\/wp\/v2\/media\/16059"}],"wp:attachment":[{"href":"https:\/\/portal.sma.gob.cl\/index.php\/wp-json\/wp\/v2\/media?parent=16060"}],"wp:term":[{"taxonomy":"category","embeddable":true,"href":"https:\/\/portal.sma.gob.cl\/index.php\/wp-json\/wp\/v2\/categories?post=16060"},{"taxonomy":"post_tag","embeddable":true,"href":"https:\/\/portal.sma.gob.cl\/index.php\/wp-json\/wp\/v2\/tags?post=16060"}],"curies":[{"name":"wp","href":"https:\/\/api.w.org\/{rel}","templated":true}]}}