{"id":16062,"date":"2014-12-11T12:54:44","date_gmt":"2014-12-11T12:54:44","guid":{"rendered":"https:\/\/portal.sma.gob.cl\/index.php\/2014\/12\/11\/sma-absuelve-a-industria-de-alimentos-dos-en-uno\/"},"modified":"2014-12-11T12:54:44","modified_gmt":"2014-12-11T12:54:44","slug":"sma-absuelve-a-industria-de-alimentos-dos-en-uno","status":"publish","type":"post","link":"https:\/\/portal.sma.gob.cl\/index.php\/sma-absuelve-a-industria-de-alimentos-dos-en-uno\/","title":{"rendered":"SMA absuelve a Industria de Alimentos Dos en Uno"},"content":{"rendered":"<p style=\"text-align: justify;\"><strong><img decoding=\"async\" class=\"size-auto size-full wp-image-16061\" src=\"https:\/\/portal.sma.gob.cl\/wp-content\/uploads\/2014\/12\/760x_11-12-2014_SMA_absuelve_a_Dos_en_Uno.jpg\" alt=\"760x 11-12-2014 SMA absuelve a Dos en Uno\" width=\"760\" height=\"300\" srcset=\"https:\/\/portal.sma.gob.cl\/wp-content\/uploads\/2014\/12\/760x_11-12-2014_SMA_absuelve_a_Dos_en_Uno-200x79.jpg 200w, https:\/\/portal.sma.gob.cl\/wp-content\/uploads\/2014\/12\/760x_11-12-2014_SMA_absuelve_a_Dos_en_Uno-300x118.jpg 300w, https:\/\/portal.sma.gob.cl\/wp-content\/uploads\/2014\/12\/760x_11-12-2014_SMA_absuelve_a_Dos_en_Uno-400x158.jpg 400w, https:\/\/portal.sma.gob.cl\/wp-content\/uploads\/2014\/12\/760x_11-12-2014_SMA_absuelve_a_Dos_en_Uno-600x237.jpg 600w, https:\/\/portal.sma.gob.cl\/wp-content\/uploads\/2014\/12\/760x_11-12-2014_SMA_absuelve_a_Dos_en_Uno.jpg 760w\" sizes=\"(max-width: 760px) 100vw, 760px\" \/><\/strong><\/p>\n<p style=\"text-align: justify;\"><strong>La Superintendencia del Medio Ambiente (SMA), lleg\u00f3 a la conclusi\u00f3n que las modificaciones realizadas por la compa\u00f1\u00eda a su planta de Cerrillos se encontraban en el marco de lo evaluado ambientalmente en 1998.<\/strong><\/p>\n<p>  <!--more-->  <\/p>\n<p style=\"text-align: justify;\"><strong>Diciembre, 10 de diciembre de 2014<\/strong>. La Superintendencia del Medio Ambiente (SMA) resolvi\u00f3 absolver a la empresa Industria De Alimentos Dos En Uno S.A., titular del proyecto \u201cModificaci\u00f3n al Proyecto Industrial General Vel\u00e1squez\u201d, de los cargos formulados en febrero de 2014, tras la una denuncia formulada por el Servicio de Evaluaci\u00f3n Ambiental respecto de que la compa\u00f1\u00eda estar\u00eda ejecutando obras, a pesar de que a la fecha de la denuncia a\u00fan no contaban con RCA favorable, estando en proceso de evaluaci\u00f3n ambiental desde julio de 2013.<\/p>\n<p style=\"text-align: justify;\">El proyecto en cuesti\u00f3n, consiste en la modificaci\u00f3n y regularizaci\u00f3n de un centro de producci\u00f3n que incluye oficinas en la comuna de Cerrillos, el cual fue aprobado en 1998 y modificado en 2013.<\/p>\n<p style=\"text-align: justify;\">A lo largo del procedimiento sancionatorio, Industria De Alimentos Dos En Uno S.A, demostr\u00f3 en sus descargos que las construcciones que se realizaron en su proyecto corresponden a etapas del proyecto aprobado en 1998 y no a nuevas obras no evaluadas ambientalmente.<\/p>\n<p style=\"text-align: justify;\">Con esto, luego de una serie de an\u00e1lisis de documentos aportados por la compa\u00f1\u00eda en el marco del procedimiento sancionatorio y de la Seremi de Salud, se comprob\u00f3 que si bien exist\u00edan nuevas instalaciones, \u00e9stas no entraron en funcionamiento en forma previa a la fecha de obtenci\u00f3n de la nueva RCA, aprobada ambientalmente a fines de febrero de 2014.<\/p>\n<p style=\"text-align: justify;\">Finalmente, con todos los antecedentes aportados por la empresa y los an\u00e1lisis jur\u00eddicos realizados, se resolvi\u00f3 absolver a Industria De Alimentos Dos En Uno S.A, de los cargos formulados por esta Superintendencia, terminando as\u00ed el procedimiento sancionatorio en su contra.<\/p>\n","protected":false},"excerpt":{"rendered":"<p>La Superintendencia del Medio Ambiente (SMA), lleg\u00f3 a la conclusi\u00f3n que las modificaciones realizadas por la compa\u00f1\u00eda a su planta de Cerrillos se encontraban en el marco de lo evaluado ambientalmente en 1998.<\/p>\n","protected":false},"author":3,"featured_media":16061,"comment_status":"open","ping_status":"open","sticky":false,"template":"","format":"standard","meta":{"footnotes":""},"categories":[90],"tags":[],"class_list":["post-16062","post","type-post","status-publish","format-standard","has-post-thumbnail","hentry","category-comunicados-noticias"],"_links":{"self":[{"href":"https:\/\/portal.sma.gob.cl\/index.php\/wp-json\/wp\/v2\/posts\/16062","targetHints":{"allow":["GET"]}}],"collection":[{"href":"https:\/\/portal.sma.gob.cl\/index.php\/wp-json\/wp\/v2\/posts"}],"about":[{"href":"https:\/\/portal.sma.gob.cl\/index.php\/wp-json\/wp\/v2\/types\/post"}],"author":[{"embeddable":true,"href":"https:\/\/portal.sma.gob.cl\/index.php\/wp-json\/wp\/v2\/users\/3"}],"replies":[{"embeddable":true,"href":"https:\/\/portal.sma.gob.cl\/index.php\/wp-json\/wp\/v2\/comments?post=16062"}],"version-history":[{"count":0,"href":"https:\/\/portal.sma.gob.cl\/index.php\/wp-json\/wp\/v2\/posts\/16062\/revisions"}],"wp:featuredmedia":[{"embeddable":true,"href":"https:\/\/portal.sma.gob.cl\/index.php\/wp-json\/wp\/v2\/media\/16061"}],"wp:attachment":[{"href":"https:\/\/portal.sma.gob.cl\/index.php\/wp-json\/wp\/v2\/media?parent=16062"}],"wp:term":[{"taxonomy":"category","embeddable":true,"href":"https:\/\/portal.sma.gob.cl\/index.php\/wp-json\/wp\/v2\/categories?post=16062"},{"taxonomy":"post_tag","embeddable":true,"href":"https:\/\/portal.sma.gob.cl\/index.php\/wp-json\/wp\/v2\/tags?post=16062"}],"curies":[{"name":"wp","href":"https:\/\/api.w.org\/{rel}","templated":true}]}}