{"id":16064,"date":"2014-12-11T13:14:36","date_gmt":"2014-12-11T13:14:36","guid":{"rendered":"https:\/\/portal.sma.gob.cl\/index.php\/2014\/12\/11\/sma-participa-en-seminario-sobre-el-plan-de-descontaminacion-del-valle-central\/"},"modified":"2014-12-11T13:14:36","modified_gmt":"2014-12-11T13:14:36","slug":"sma-participa-en-seminario-sobre-el-plan-de-descontaminacion-del-valle-central","status":"publish","type":"post","link":"https:\/\/portal.sma.gob.cl\/index.php\/sma-participa-en-seminario-sobre-el-plan-de-descontaminacion-del-valle-central\/","title":{"rendered":"SMA participa en seminario sobre Plan de Descontaminaci\u00f3n del Valle Central"},"content":{"rendered":"<p style=\"text-align: justify;\"><strong><img decoding=\"async\" class=\"size-auto size-full wp-image-16063\" src=\"https:\/\/portal.sma.gob.cl\/wp-content\/uploads\/2014\/12\/760x_11-12-2014_SMA_participa_en_seminario_PDA_Valle_Central.jpg\" alt=\"760x 11-12-2014 SMA participa en seminario PDA Valle Central\" width=\"760\" height=\"300\" srcset=\"https:\/\/portal.sma.gob.cl\/wp-content\/uploads\/2014\/12\/760x_11-12-2014_SMA_participa_en_seminario_PDA_Valle_Central-200x79.jpg 200w, https:\/\/portal.sma.gob.cl\/wp-content\/uploads\/2014\/12\/760x_11-12-2014_SMA_participa_en_seminario_PDA_Valle_Central-300x118.jpg 300w, https:\/\/portal.sma.gob.cl\/wp-content\/uploads\/2014\/12\/760x_11-12-2014_SMA_participa_en_seminario_PDA_Valle_Central-400x158.jpg 400w, https:\/\/portal.sma.gob.cl\/wp-content\/uploads\/2014\/12\/760x_11-12-2014_SMA_participa_en_seminario_PDA_Valle_Central-600x237.jpg 600w, https:\/\/portal.sma.gob.cl\/wp-content\/uploads\/2014\/12\/760x_11-12-2014_SMA_participa_en_seminario_PDA_Valle_Central.jpg 760w\" sizes=\"(max-width: 760px) 100vw, 760px\" \/><\/strong><\/p>\n<p style=\"text-align: justify;\"><strong>El jefe de la Macro Zona Centro, Cristi\u00e1n Jorquera, expuso en el taller que reuni\u00f3 a industriales de O\u00b4Higgins, que est\u00e1n adecuando sus procesos para cumplir con las medidas del PDA.<\/strong><\/p>\n<p>  <!--more-->  <\/p>\n<p style=\"text-align: justify;\"><strong>Rancagua, 10 de diciembre de 2014<\/strong>. Una reuni\u00f3n para difundir y apoyar el cumplimiento del Plan de Descontaminaci\u00f3n Atmosf\u00e9rica por parte del sector industrial de la zona saturada de O`Higgins, se llev\u00f3 a cabo este mi\u00e9rcoles 10 de diciembre en el Sal\u00f3n del Liceo de Ni\u00f1as de Rancagua, organizado por la Seremi del Medio Ambiente.<\/p>\n<p>En la oportunidad Eduardo Tamayo, Seremi del Medio Ambiente (s) explic\u00f3 los alcances del PDA e hizo un llamado a los representantes de industrias reguladas a realizar los cambios necesarios para cumplir con todas las medidas del plan, agregando que \u201ctodos y todas debemos contribuir para recuperar los niveles de calidad del aire y as\u00ed mejorar la calidad de vida del 78% de la poblaci\u00f3n que vive en el valle central\u201d.<\/p>\n<p>Posteriormente Cinthia Arellano, profesional encargada de Asuntos Atmosf\u00e9ricos de la Seremi del Medio Ambiente explic\u00f3 las distintas medidas que rigen para las industrias que est\u00e1n afectas al nuevo PDA, con diferentes plazos de cumplimiento, entre las que se cuentan l\u00edmites de emisi\u00f3n de material particulado para calderas; secadores que procesan granos y semillas; y hornos de fundiciones de hierro y acero. <\/p>\n<p>En la segunda parte del seminario expuso Cristi\u00e1n Jorquera, Jefe de la Macro Zona Centro de la Superintendencia del Medio Ambiente (SMA), quien explic\u00f3 que \u201cnuestra labor es entregar informaci\u00f3n a los titulares de las medidas que deben ir cumpliendo conforme los plazos registrado en el PDA, esto a nivel operativo, como de la obligaci\u00f3n de informar de forma como de fondo\u201d.<\/p>\n<p>Entre las obligaciones que se vienen para las industrias, Jorquera destaca \u201cel registro de parte de las empresas, seg\u00fan sector econ\u00f3mico, y adem\u00e1s que la Superintendencia va a instruir la forma, el c\u00f3mo y cu\u00e1ndo se van a entregar estos registros anuales y, asimismo, los aspectos de procesos que s\u00ed son fiscalizables a trav\u00e9s de programas y subprogramas de inspecci\u00f3n o fiscalizaci\u00f3n ambiental anual\u201d.<\/p>\n","protected":false},"excerpt":{"rendered":"<p>El jefe de la Macro Zona Centro, Cristi\u00e1n Jorquera, expuso en el taller que reuni\u00f3 a industriales de O\u00b4Higgins, que est\u00e1n adecuando sus procesos para cumplir con las medidas del PDA.<\/p>\n","protected":false},"author":3,"featured_media":16063,"comment_status":"open","ping_status":"open","sticky":false,"template":"","format":"standard","meta":{"footnotes":""},"categories":[94],"tags":[],"class_list":["post-16064","post","type-post","status-publish","format-standard","has-post-thumbnail","hentry","category-notas-noticias"],"_links":{"self":[{"href":"https:\/\/portal.sma.gob.cl\/index.php\/wp-json\/wp\/v2\/posts\/16064","targetHints":{"allow":["GET"]}}],"collection":[{"href":"https:\/\/portal.sma.gob.cl\/index.php\/wp-json\/wp\/v2\/posts"}],"about":[{"href":"https:\/\/portal.sma.gob.cl\/index.php\/wp-json\/wp\/v2\/types\/post"}],"author":[{"embeddable":true,"href":"https:\/\/portal.sma.gob.cl\/index.php\/wp-json\/wp\/v2\/users\/3"}],"replies":[{"embeddable":true,"href":"https:\/\/portal.sma.gob.cl\/index.php\/wp-json\/wp\/v2\/comments?post=16064"}],"version-history":[{"count":0,"href":"https:\/\/portal.sma.gob.cl\/index.php\/wp-json\/wp\/v2\/posts\/16064\/revisions"}],"wp:featuredmedia":[{"embeddable":true,"href":"https:\/\/portal.sma.gob.cl\/index.php\/wp-json\/wp\/v2\/media\/16063"}],"wp:attachment":[{"href":"https:\/\/portal.sma.gob.cl\/index.php\/wp-json\/wp\/v2\/media?parent=16064"}],"wp:term":[{"taxonomy":"category","embeddable":true,"href":"https:\/\/portal.sma.gob.cl\/index.php\/wp-json\/wp\/v2\/categories?post=16064"},{"taxonomy":"post_tag","embeddable":true,"href":"https:\/\/portal.sma.gob.cl\/index.php\/wp-json\/wp\/v2\/tags?post=16064"}],"curies":[{"name":"wp","href":"https:\/\/api.w.org\/{rel}","templated":true}]}}