{"id":16068,"date":"2014-12-12T13:24:04","date_gmt":"2014-12-12T13:24:04","guid":{"rendered":"https:\/\/portal.sma.gob.cl\/index.php\/2014\/12\/12\/sma-reformula-cargos-contra-minera-el-turco\/"},"modified":"2014-12-12T13:24:04","modified_gmt":"2014-12-12T13:24:04","slug":"sma-reformula-cargos-contra-minera-el-turco","status":"publish","type":"post","link":"https:\/\/portal.sma.gob.cl\/index.php\/sma-reformula-cargos-contra-minera-el-turco\/","title":{"rendered":"SMA reformula cargos contra Minera El Turco"},"content":{"rendered":"<p style=\"text-align: justify;\"><img decoding=\"async\" class=\"size-auto size-full wp-image-16067\" src=\"https:\/\/portal.sma.gob.cl\/wp-content\/uploads\/2014\/12\/760x_11-12-2014_S%C3%BAper_reformula_cargos_contra_Mina_El_Turco.jpg\" alt=\"760x 11-12-2014 S\u00faper reformula cargos contra Mina El Turco\" width=\"760\" height=\"300\" \/><\/p>\n<p style=\"text-align: justify;\"><strong>La Superintendencia del Medio Ambiente (SMA) descubri\u00f3 nuevos incumplimientos ambientales del proyecto ubicado en la zona costera de la Regi\u00f3n de Valpara\u00edso.<\/strong><\/p>\n<p>  <!--more-->  <\/p>\n<p style=\"text-align: justify;\">Santiago, 12 de diciembre de 2014. La Superintendencia del Medio Ambiente (SMA) procedi\u00f3 a reformular cargos en contra de Minera Las Piedras Limitada<sup>1<\/sup>, titular del proyecto Mina El Turco, ubicado en la comuna de Cartagena, en la Regi\u00f3n de Valpara\u00edso, tras detectar una serie de incumplimientos ambientales.<\/p>\n<p style=\"text-align: justify;\">La SMA hab\u00eda formulado cargos a este proyecto en febrero de 2014, debido a incumplimientos en las exigencias de la Resoluci\u00f3n de Calidad Ambiental (RCA) N\u00b0 131\/2005 relativas al manejo de \u00e1reas de explotaci\u00f3n; manejo de emisiones de ruido; manejo del impacto visual; monitoreo de aguas; y, manejo de fauna silvestre.<\/p>\n<p style=\"text-align: justify;\">Posteriormente, en junio de 2014, ingres\u00f3 una nueva denuncia ante esta Superintendencia, referida a la no ejecuci\u00f3n de las faenas de cierre en los frentes de trabajo explotados, de acuerdo a lo dispuesto en su RCA. De este modo, el mismo mes la Divisi\u00f3n de Sanci\u00f3n y Cumplimiento solicit\u00f3 complementar los informes de fiscalizaci\u00f3n, respecto de no conformidades detectadas en las primera formulaci\u00f3n de cargos.<\/p>\n<p style=\"text-align: justify;\">A partir de esta revisi\u00f3n exhaustiva, se constataron, entre otras, las siguientes infracciones:<\/p>\n<p style=\"text-align: justify;\">\u2022 Efectos de la explotaci\u00f3n no autorizada, tales como p\u00e9rdida de suelo y erosi\u00f3n.<br \/>\u2022 El incumplimiento de las faenas de cierre comprometidas en la RCA.<br \/>\u2022 El manejo no diferenciado de capa vegetal y est\u00e9riles.<\/p>\n<p style=\"text-align: justify;\">La primera infracci\u00f3n fue recalificada como grav\u00edsima y el resto de los incumplimientos son catalogados como graves o leves.<\/p>\n<p style=\"text-align: justify;\">Cabe recordar, que la formulaci\u00f3n de cargos es el inicio de un procedimiento sancionatorio por parte de la SMA. En tanto, el infractor tendr\u00e1 10 d\u00edas de plazo para presentar un Programa de Cumplimiento<sup>2<\/sup> o cuenta con 15 d\u00edas de plazo para formular descargos ante esta Superintendencia, tras lo cual contin\u00faa el proceso sancionatorio.<\/p>\n<hr \/>\n<p><sup>1<\/sup> Hasta marzo del 2014, los titulares de la RCA N\u00b0 131\/2005 eran Minera Granos Industriales Limitada Cristaler\u00edas de Chile S.A. y Procesadora y Comercializadora de Minerales y Granos Industriales S.A.<br \/><sup>2<\/sup> Programa de Cumplimiento: Es un plan de acciones y metas presentado por el infractor, para que dentro de un plazo fijado por la Superintendencia, el titular cumpla sus obligaciones ambientales. Si la SMA aprueba dicho programa, se pone fin al procedimiento sancionatorio. No obstante, si el titular no cumple con los compromisos establecidos en dicho programa, arriesga hasta el doble de la multa original.<\/p>\n","protected":false},"excerpt":{"rendered":"<p>La Superintendencia del Medio Ambiente (SMA) descubri\u00f3 nuevos incumplimientos ambientales del proyecto ubicado en la zona costera de la Regi\u00f3n de Valpara\u00edso.<\/p>\n","protected":false},"author":3,"featured_media":16067,"comment_status":"open","ping_status":"open","sticky":false,"template":"","format":"standard","meta":{"footnotes":""},"categories":[90],"tags":[],"class_list":["post-16068","post","type-post","status-publish","format-standard","has-post-thumbnail","hentry","category-comunicados-noticias"],"_links":{"self":[{"href":"https:\/\/portal.sma.gob.cl\/index.php\/wp-json\/wp\/v2\/posts\/16068","targetHints":{"allow":["GET"]}}],"collection":[{"href":"https:\/\/portal.sma.gob.cl\/index.php\/wp-json\/wp\/v2\/posts"}],"about":[{"href":"https:\/\/portal.sma.gob.cl\/index.php\/wp-json\/wp\/v2\/types\/post"}],"author":[{"embeddable":true,"href":"https:\/\/portal.sma.gob.cl\/index.php\/wp-json\/wp\/v2\/users\/3"}],"replies":[{"embeddable":true,"href":"https:\/\/portal.sma.gob.cl\/index.php\/wp-json\/wp\/v2\/comments?post=16068"}],"version-history":[{"count":0,"href":"https:\/\/portal.sma.gob.cl\/index.php\/wp-json\/wp\/v2\/posts\/16068\/revisions"}],"wp:featuredmedia":[{"embeddable":true,"href":"https:\/\/portal.sma.gob.cl\/index.php\/wp-json\/wp\/v2\/media\/16067"}],"wp:attachment":[{"href":"https:\/\/portal.sma.gob.cl\/index.php\/wp-json\/wp\/v2\/media?parent=16068"}],"wp:term":[{"taxonomy":"category","embeddable":true,"href":"https:\/\/portal.sma.gob.cl\/index.php\/wp-json\/wp\/v2\/categories?post=16068"},{"taxonomy":"post_tag","embeddable":true,"href":"https:\/\/portal.sma.gob.cl\/index.php\/wp-json\/wp\/v2\/tags?post=16068"}],"curies":[{"name":"wp","href":"https:\/\/api.w.org\/{rel}","templated":true}]}}