{"id":16072,"date":"2014-12-12T13:07:00","date_gmt":"2014-12-12T13:07:00","guid":{"rendered":"https:\/\/portal.sma.gob.cl\/index.php\/2014\/12\/12\/sma-firma-convenio-con-seremi-de-medio-ambiente-para-reciclaje\/"},"modified":"2014-12-12T13:07:00","modified_gmt":"2014-12-12T13:07:00","slug":"sma-firma-convenio-con-seremi-de-medio-ambiente-para-reciclaje","status":"publish","type":"post","link":"https:\/\/portal.sma.gob.cl\/index.php\/sma-firma-convenio-con-seremi-de-medio-ambiente-para-reciclaje\/","title":{"rendered":"SMA firma convenio con Seremi de Medio Ambiente para reciclaje"},"content":{"rendered":"<p style=\"text-align: justify;\">&nbsp;<img decoding=\"async\" class=\"size-auto size-full wp-image-16071\" src=\"https:\/\/portal.sma.gob.cl\/wp-content\/uploads\/2014\/12\/760x_15-12-2014_SMA_hace_convenio_con_MMA.jpg\" alt=\"760x 15-12-2014 SMA hace convenio con MMA\" width=\"760\" height=\"300\" srcset=\"https:\/\/portal.sma.gob.cl\/wp-content\/uploads\/2014\/12\/760x_15-12-2014_SMA_hace_convenio_con_MMA-200x79.jpg 200w, https:\/\/portal.sma.gob.cl\/wp-content\/uploads\/2014\/12\/760x_15-12-2014_SMA_hace_convenio_con_MMA-300x118.jpg 300w, https:\/\/portal.sma.gob.cl\/wp-content\/uploads\/2014\/12\/760x_15-12-2014_SMA_hace_convenio_con_MMA-400x158.jpg 400w, https:\/\/portal.sma.gob.cl\/wp-content\/uploads\/2014\/12\/760x_15-12-2014_SMA_hace_convenio_con_MMA-600x237.jpg 600w, https:\/\/portal.sma.gob.cl\/wp-content\/uploads\/2014\/12\/760x_15-12-2014_SMA_hace_convenio_con_MMA.jpg 760w\" sizes=\"(max-width: 760px) 100vw, 760px\" \/><\/p>\n<p style=\"text-align: justify;\"><strong>La Superintendencia del Medio Ambiente (SMA), firm\u00f3 un Acuerdo de Cooperaci\u00f3n para Reciclaje de papeles y cartones en la Regi\u00f3n de Los R\u00edos.<\/strong><\/p>\n<p>  <!--more-->  <\/p>\n<p style=\"text-align: justify;\"><strong>Valdivia, 12 de diciembre de 2014<\/strong>. El jefe de la Macro Zona Sur, Eduardo Rodr\u00edguez, firm\u00f3 esta ma\u00f1ana un convenio de cooperaci\u00f3n para el reciclaje de papel con la Secretar\u00eda Regional Ministerial del Medio Ambiente en Los R\u00edos, en la ciudad de Valdivia.<\/p>\n<p style=\"text-align: justify;\">La Superintendencia del Medio Ambiente (SMA) se sum\u00f3 as\u00ed a la iniciativa impulsada por la Seremi del ramo en la regi\u00f3n, Carla Pe\u00f1a, quien encabez\u00f3 la ceremonia de firma del convenio, que involucra a 23 reparticiones p\u00fablicas de la regi\u00f3n para reforzar su compromiso ambiental.<\/p>\n<p style=\"text-align: justify;\">Esta iniciativa permite formalizar el compromiso de la SMA con el reciclaje de papeles y cartones, los cuales ser\u00e1n retirados por la empresa CINS e. i. r. l. para ser transportados hasta la planta de la empresa Reciclados Industriales en la regi\u00f3n.<\/p>\n<p style=\"text-align: justify;\">Para efecto de lo anterior, CINS se compromete a definir la ruta de recolecci\u00f3n y realizar el retiro de los residuos desde las oficinas en cuesti\u00f3n y la firma REINSA se compromete a recibir en su planta de reciclaje estos residuos, de tal manera, de alargar la vida \u00fatil de estos materiales al reincorporarlos en la cadena de valor.<\/p>\n","protected":false},"excerpt":{"rendered":"<p>&nbsp; La Superintendencia del Medio Ambiente (SMA), firm\u00f3 un Acuerdo de Cooperaci\u00f3n para Reciclaje de papeles y cartones en la Regi\u00f3n de Los R\u00edos.<\/p>\n","protected":false},"author":3,"featured_media":16071,"comment_status":"open","ping_status":"open","sticky":false,"template":"","format":"standard","meta":{"footnotes":""},"categories":[94],"tags":[],"class_list":["post-16072","post","type-post","status-publish","format-standard","has-post-thumbnail","hentry","category-notas-noticias"],"_links":{"self":[{"href":"https:\/\/portal.sma.gob.cl\/index.php\/wp-json\/wp\/v2\/posts\/16072","targetHints":{"allow":["GET"]}}],"collection":[{"href":"https:\/\/portal.sma.gob.cl\/index.php\/wp-json\/wp\/v2\/posts"}],"about":[{"href":"https:\/\/portal.sma.gob.cl\/index.php\/wp-json\/wp\/v2\/types\/post"}],"author":[{"embeddable":true,"href":"https:\/\/portal.sma.gob.cl\/index.php\/wp-json\/wp\/v2\/users\/3"}],"replies":[{"embeddable":true,"href":"https:\/\/portal.sma.gob.cl\/index.php\/wp-json\/wp\/v2\/comments?post=16072"}],"version-history":[{"count":0,"href":"https:\/\/portal.sma.gob.cl\/index.php\/wp-json\/wp\/v2\/posts\/16072\/revisions"}],"wp:featuredmedia":[{"embeddable":true,"href":"https:\/\/portal.sma.gob.cl\/index.php\/wp-json\/wp\/v2\/media\/16071"}],"wp:attachment":[{"href":"https:\/\/portal.sma.gob.cl\/index.php\/wp-json\/wp\/v2\/media?parent=16072"}],"wp:term":[{"taxonomy":"category","embeddable":true,"href":"https:\/\/portal.sma.gob.cl\/index.php\/wp-json\/wp\/v2\/categories?post=16072"},{"taxonomy":"post_tag","embeddable":true,"href":"https:\/\/portal.sma.gob.cl\/index.php\/wp-json\/wp\/v2\/tags?post=16072"}],"curies":[{"name":"wp","href":"https:\/\/api.w.org\/{rel}","templated":true}]}}