{"id":16074,"date":"2014-12-16T19:10:00","date_gmt":"2014-12-16T19:10:00","guid":{"rendered":"https:\/\/portal.sma.gob.cl\/index.php\/2014\/12\/16\/sma-formula-cargos-contra-curtiembre-de-curico\/"},"modified":"2014-12-16T19:10:00","modified_gmt":"2014-12-16T19:10:00","slug":"sma-formula-cargos-contra-curtiembre-de-curico","status":"publish","type":"post","link":"https:\/\/portal.sma.gob.cl\/index.php\/sma-formula-cargos-contra-curtiembre-de-curico\/","title":{"rendered":"SMA formula cargos contra curtiembre de Curic\u00f3"},"content":{"rendered":"<p style=\"text-align: justify;\"><strong><img decoding=\"async\" class=\"size-auto size-full wp-image-16073\" src=\"https:\/\/portal.sma.gob.cl\/wp-content\/uploads\/2014\/12\/760x_12-12-2014_SMA_formula_cargos_contra_curtiembre.jpg\" alt=\"760x 12-12-2014 SMA formula cargos contra curtiembre\" width=\"760\" height=\"300\" srcset=\"https:\/\/portal.sma.gob.cl\/wp-content\/uploads\/2014\/12\/760x_12-12-2014_SMA_formula_cargos_contra_curtiembre-200x79.jpg 200w, https:\/\/portal.sma.gob.cl\/wp-content\/uploads\/2014\/12\/760x_12-12-2014_SMA_formula_cargos_contra_curtiembre-300x118.jpg 300w, https:\/\/portal.sma.gob.cl\/wp-content\/uploads\/2014\/12\/760x_12-12-2014_SMA_formula_cargos_contra_curtiembre-400x158.jpg 400w, https:\/\/portal.sma.gob.cl\/wp-content\/uploads\/2014\/12\/760x_12-12-2014_SMA_formula_cargos_contra_curtiembre-600x237.jpg 600w, https:\/\/portal.sma.gob.cl\/wp-content\/uploads\/2014\/12\/760x_12-12-2014_SMA_formula_cargos_contra_curtiembre.jpg 760w\" sizes=\"(max-width: 760px) 100vw, 760px\" \/><\/strong><\/p>\n<p style=\"text-align: justify;\"><strong>La Superintendencia del Medio Ambiente (SMA) fiscaliz\u00f3 la faena Curtiembre Rufino Melero, y detect\u00f3 diversos incumplimientos ambientales.<\/strong><\/p>\n<p>  <!--more-->  <\/p>\n<p style=\"text-align: justify;\"><strong>Santiago, 16 de diciembre de 2014<\/strong>. La Superintendencia del Medio Ambiente (SMA) inici\u00f3 un procedimiento sancionatorio en contra de Curtiembre Rufino Melero S.A., ubicada en Maquehua bajo, Curic\u00f3, Regi\u00f3n del Maule. Esta formulaci\u00f3n de cargos se produce luego de fiscalizar la faena y detectar diversos incumplimientos ambientales en inspecciones realizadas en 2013 y 2014, as\u00ed como por no solicitar el debido permiso al Sistema de Evaluaci\u00f3n de Impacto Ambiental, a pesar de haber realizado cambios de consideraci\u00f3n que requer\u00edan el ingreso.<\/p>\n<p style=\"text-align: justify;\">La Curtiembre Rufino Melero (ex Curtiembre Corta), consiste en una planta de tratamiento de cueros que data del a\u00f1o 1985. Actualmente cuenta con dos resoluciones de calificaci\u00f3n ambiental, referidas espec\u00edficamente a su planta de tratamiento de Residuos Industriales L\u00edquidos (RILes): la RCA N\u00b049\/2006 y la RCA N\u00b0 327\/2006.<\/p>\n<p style=\"text-align: justify;\">Las fiscalizaciones a este proyecto fueron realizadas por funcionarios del Servicio Agr\u00edcola y Ganadero (SAG), la Superintendencia de Servicios Sanitarios (SISS), la Secretar\u00eda Regional Ministerial de Salud (SEREMI de Salud), todos de la regi\u00f3n del Maule, y profesionales de la Superintendencia del Medio Ambiente. En las visitas de fiscalizaci\u00f3n se pudo constatar que la Curtiembre Rufino Melero ha incrementado su producci\u00f3n, aumentando las emisiones contaminantes, sin haber ingresado por este motivo al Sistema de Evaluaci\u00f3n de Impacto Ambiental, lo que constituye una infracci\u00f3n ambiental.<\/p>\n<p style=\"text-align: justify;\">Adicionalmente se encontraron diversas infracciones a las dos RCA que regulan la planta de RILes del proyecto, entre las que se cuentan:<br \/>\u2022 Apozamiento de RILes en un canal externo a la planta de tratamiento. <br \/>\u2022 Descarga de RILes en puntos no autorizados.<br \/>\u2022 No entubamiento del canal que conduce los RILes desde su salida del sistema de tratamiento hasta la descarga.<\/p>\n<p style=\"text-align: justify;\">Los cargos formulados a Curtiembre Rufino Melero S.A. se clasifican como leves y grav\u00edsimos. Cabe indicar que la Ley Org\u00e1nica de la SMA establece que una infracci\u00f3n leve podr\u00e1 ser objeto de amonestaci\u00f3n o multa hasta 1.000 Unidades Tributarias Anuales (UTA). En tanto, una infracci\u00f3n grav\u00edsima puede resultar en la revocaci\u00f3n de una RCA, clausura, o multa de hasta 10.000 UTA.<\/p>\n<p style=\"text-align: justify;\">Cabe recordar, que la formulaci\u00f3n de cargos es el inicio de un procedimiento sancionatorio por parte de la SMA. En tanto, el infractor tendr\u00e1 10 d\u00edas de plazo para presentar un Programa de Cumplimiento o cuenta con 15 d\u00edas de plazo para formular descargos ante esta Superintendencia, tras lo cual contin\u00faa el proceso sancionatorio.<\/p>\n<hr \/>\n<p style=\"text-align: justify;\"><strong>Programa de Cumplimiento<\/strong>: Es un plan de acciones y metas presentado por el infractor, para que dentro de un plazo fijado por la Superintendencia, el titular cumpla sus obligaciones ambientales. Si la SMA aprueba dicho programa, se pone fin al procedimiento sancionatorio. No obstante, si el titular no cumple con los compromisos establecidos en dicho programa, arriesga hasta el doble de la multa original.<\/p>\n<p style=\"text-align: justify;\">&nbsp;<\/p>\n","protected":false},"excerpt":{"rendered":"<p>La Superintendencia del Medio Ambiente (SMA) fiscaliz\u00f3 la faena Curtiembre Rufino Melero, y detect\u00f3 diversos incumplimientos ambientales.<\/p>\n","protected":false},"author":3,"featured_media":16073,"comment_status":"open","ping_status":"open","sticky":false,"template":"","format":"standard","meta":{"footnotes":""},"categories":[90],"tags":[],"class_list":["post-16074","post","type-post","status-publish","format-standard","has-post-thumbnail","hentry","category-comunicados-noticias"],"_links":{"self":[{"href":"https:\/\/portal.sma.gob.cl\/index.php\/wp-json\/wp\/v2\/posts\/16074","targetHints":{"allow":["GET"]}}],"collection":[{"href":"https:\/\/portal.sma.gob.cl\/index.php\/wp-json\/wp\/v2\/posts"}],"about":[{"href":"https:\/\/portal.sma.gob.cl\/index.php\/wp-json\/wp\/v2\/types\/post"}],"author":[{"embeddable":true,"href":"https:\/\/portal.sma.gob.cl\/index.php\/wp-json\/wp\/v2\/users\/3"}],"replies":[{"embeddable":true,"href":"https:\/\/portal.sma.gob.cl\/index.php\/wp-json\/wp\/v2\/comments?post=16074"}],"version-history":[{"count":0,"href":"https:\/\/portal.sma.gob.cl\/index.php\/wp-json\/wp\/v2\/posts\/16074\/revisions"}],"wp:featuredmedia":[{"embeddable":true,"href":"https:\/\/portal.sma.gob.cl\/index.php\/wp-json\/wp\/v2\/media\/16073"}],"wp:attachment":[{"href":"https:\/\/portal.sma.gob.cl\/index.php\/wp-json\/wp\/v2\/media?parent=16074"}],"wp:term":[{"taxonomy":"category","embeddable":true,"href":"https:\/\/portal.sma.gob.cl\/index.php\/wp-json\/wp\/v2\/categories?post=16074"},{"taxonomy":"post_tag","embeddable":true,"href":"https:\/\/portal.sma.gob.cl\/index.php\/wp-json\/wp\/v2\/tags?post=16074"}],"curies":[{"name":"wp","href":"https:\/\/api.w.org\/{rel}","templated":true}]}}