{"id":16076,"date":"2014-12-17T20:24:09","date_gmt":"2014-12-17T20:24:09","guid":{"rendered":"https:\/\/portal.sma.gob.cl\/index.php\/2014\/12\/17\/contraloria-general-y-superintendencia-del-medio-ambiente-firman-convenio-de-colaboracion\/"},"modified":"2014-12-17T20:24:09","modified_gmt":"2014-12-17T20:24:09","slug":"contraloria-general-y-superintendencia-del-medio-ambiente-firman-convenio-de-colaboracion","status":"publish","type":"post","link":"https:\/\/portal.sma.gob.cl\/index.php\/contraloria-general-y-superintendencia-del-medio-ambiente-firman-convenio-de-colaboracion\/","title":{"rendered":"Contralor\u00eda General y Superintendencia del Medio Ambiente firman convenio de colaboraci\u00f3n"},"content":{"rendered":"<p style=\"text-align: justify;\"><strong><img decoding=\"async\" class=\"size-auto size-full wp-image-16075\" src=\"https:\/\/portal.sma.gob.cl\/wp-content\/uploads\/2014\/12\/760x_17-12-2014_SMA_efect%C3%BAa_convenio_con_Contralor%C3%ADa.jpg\" alt=\"760x 17-12-2014 SMA efect\u00faa convenio con Contralor\u00eda\" width=\"760\" height=\"300\" \/><\/strong><\/p>\n<p style=\"text-align: justify;\"><strong>El acuerdo est\u00e1 orientado a mejorar la gesti\u00f3n de ambas instituciones frente a las crecientes demandas ciudadanas en materia medioambiental, entre otros aspectos.<\/strong><\/p>\n<p>  <!--more-->  <\/p>\n<p style=\"text-align: justify;\"><strong>Santiago, 17 de diciembre de 2014<\/strong>.&nbsp;Con el prop\u00f3sito de iniciar acciones que fortalezcan el rol fiscalizador de ambas entidades, la Contralor\u00eda General de la Rep\u00fablica (CGR) y la Superintendencia del Medio Ambiente (SMA) suscribieron un convenio de colaboraci\u00f3n, este mi\u00e9rcoles 17 de diciembre.<\/p>\n<p style=\"text-align: justify;\">El acuerdo, firmado por el Contralor General, Ramiro Mendoza, y el Superintendente del Medio Ambiente, Cristi\u00e1n Franz, estipula que la Superintendencia pondr\u00e1 a disposici\u00f3n de la CGR todos los antecedentes sobre la ejecuci\u00f3n, seguimiento y fiscalizaci\u00f3n que realice. Esta documentaci\u00f3n servir\u00e1 de insumo para el trabajo que efect\u00fae la Entidad de Control a trav\u00e9s de su Unidad de Auditor\u00edas de Medio Ambiente.<\/p>\n<p style=\"text-align: justify;\">Tambi\u00e9n se establece que la Contralor\u00eda entregar\u00e1 los dict\u00e1menes que haya emitido en materia medioambiental mediante una plataforma web, lo que alimentar\u00e1 el Sistema Nacional de Informaci\u00f3n de Fiscalizaci\u00f3n Ambiental (SNIFA), que administra la SMA.<\/p>\n<p style=\"text-align: justify;\">Como parte del convenio, que incluye diez \u00edtems, el Organismo Contralor realizar\u00e1 actividades de capacitaci\u00f3n a los funcionarios de la Superintendencia sobre materias de su competencia.<\/p>\n<p style=\"text-align: justify;\">A su vez, la Superintendencia proporcionar\u00e1 informaci\u00f3n georreferenciada que se publica en el Sistema de Informaci\u00f3n Territorial (SIT\/NEPAssist), que contiene datos que le son reportados por organismos sectoriales. Igualmente, la SMA capacitar\u00e1 a funcionarios del Organismo de Control a nivel nacional respecto de sus sistemas de planificaci\u00f3n y fiscalizaci\u00f3n y de sus procedimientos de trabajo.<\/p>\n<p style=\"text-align: justify;\">Mediante esta alianza, que no representar\u00e1 gastos para las entidades, ambos organismos dan cumplimiento al Principio de Cooperaci\u00f3n, plasmado en la Ley Org\u00e1nica Constitucional de Bases Generales de la Administraci\u00f3n del Estado.<\/p>\n<p style=\"text-align: justify;\">El Contralor Mendoza se refiri\u00f3 a los esfuerzos y avances de la CGR por fiscalizar y generar informaci\u00f3n en materia medioambiental. Ejemplific\u00f3 lo anterior refiri\u00e9ndose a la creaci\u00f3n de la Unidad de Auditor\u00edas de Medio Ambiente, dependiente de la Divisi\u00f3n de Auditor\u00eda Administrativa, que a partir de esta colaboraci\u00f3n contar\u00e1 con una serie de antecedentes para su gesti\u00f3n. Junto con ello, la autoridad manifest\u00f3 la disposici\u00f3n de la entidad que dirige para facilitar sus auditorios en Santiago y regiones para las actividades que la SMA realice.<\/p>\n<p style=\"text-align: justify;\">Este gesto fue agradecido por el Superintendente Franz, quien adem\u00e1s recalc\u00f3 que este acuerdo va en l\u00ednea con el plan de consolidaci\u00f3n que esta instituci\u00f3n desarrolla desde que entr\u00f3 en funcionamiento, en 2012. A\u00f1adi\u00f3 que este convenio puede servir el primer paso para otras instancias de colaboraci\u00f3n con la Contralor\u00eda, particularmente en regiones.<\/p>\n<p style=\"text-align: justify;\">Ambas autoridades enfatizaron tambi\u00e9n que este esfuerzo de colaboraci\u00f3n redundar\u00e1 en una mejor respuesta a las demandas ciudadanas en materia ambiental, recibidas en sus respectivas plataformas de denuncias online.<\/p>\n<p style=\"text-align: justify;\">A la ceremonia, realizada en la sede central, asistieron jefaturas de la SMA como la Fiscal, Dominique Herv\u00e9; el jefe de Gabinete, David Silva; y el abogado de la Fiscal\u00eda, Nicol\u00e1s Ortiz. Por la CGR asistieron la Secretario General, Victoria Narv\u00e1ez; la jefa y subjefa de la Divisi\u00f3n de Auditor\u00eda Administrativa, Priscila Jara y Gloria Briones, respectivamente; el jefe y subjefa de la Divisi\u00f3n de Infraestructura y Regulaci\u00f3n, Osvaldo Vargas y Virginia Godoy; el jefe y subjefe de la Divisi\u00f3n Jur\u00eddica, Julio Pallavicini y Pedro Aguerrea; el Contralor Regional de La Araucan\u00eda, Ricardo Betancourt; y la jefa de la Unidad de Auditor\u00edas de Medio Ambiente, Karen C\u00e1mpora.<\/p>\n","protected":false},"excerpt":{"rendered":"<p>El acuerdo est\u00e1 orientado a mejorar la gesti\u00f3n de ambas instituciones frente a las crecientes demandas ciudadanas en materia medioambiental, entre otros aspectos.<\/p>\n","protected":false},"author":3,"featured_media":16075,"comment_status":"open","ping_status":"open","sticky":false,"template":"","format":"standard","meta":{"footnotes":""},"categories":[94],"tags":[],"class_list":["post-16076","post","type-post","status-publish","format-standard","has-post-thumbnail","hentry","category-notas-noticias"],"_links":{"self":[{"href":"https:\/\/portal.sma.gob.cl\/index.php\/wp-json\/wp\/v2\/posts\/16076","targetHints":{"allow":["GET"]}}],"collection":[{"href":"https:\/\/portal.sma.gob.cl\/index.php\/wp-json\/wp\/v2\/posts"}],"about":[{"href":"https:\/\/portal.sma.gob.cl\/index.php\/wp-json\/wp\/v2\/types\/post"}],"author":[{"embeddable":true,"href":"https:\/\/portal.sma.gob.cl\/index.php\/wp-json\/wp\/v2\/users\/3"}],"replies":[{"embeddable":true,"href":"https:\/\/portal.sma.gob.cl\/index.php\/wp-json\/wp\/v2\/comments?post=16076"}],"version-history":[{"count":0,"href":"https:\/\/portal.sma.gob.cl\/index.php\/wp-json\/wp\/v2\/posts\/16076\/revisions"}],"wp:featuredmedia":[{"embeddable":true,"href":"https:\/\/portal.sma.gob.cl\/index.php\/wp-json\/wp\/v2\/media\/16075"}],"wp:attachment":[{"href":"https:\/\/portal.sma.gob.cl\/index.php\/wp-json\/wp\/v2\/media?parent=16076"}],"wp:term":[{"taxonomy":"category","embeddable":true,"href":"https:\/\/portal.sma.gob.cl\/index.php\/wp-json\/wp\/v2\/categories?post=16076"},{"taxonomy":"post_tag","embeddable":true,"href":"https:\/\/portal.sma.gob.cl\/index.php\/wp-json\/wp\/v2\/tags?post=16076"}],"curies":[{"name":"wp","href":"https:\/\/api.w.org\/{rel}","templated":true}]}}