{"id":16081,"date":"2014-12-31T13:37:27","date_gmt":"2014-12-31T13:37:27","guid":{"rendered":"https:\/\/portal.sma.gob.cl\/index.php\/2014\/12\/31\/fiscalizadores-de-distintos-servicios-de-aysen-hacen-un-balance-de-fin-de-ano\/"},"modified":"2014-12-31T13:37:27","modified_gmt":"2014-12-31T13:37:27","slug":"fiscalizadores-de-distintos-servicios-de-aysen-hacen-un-balance-de-fin-de-ano","status":"publish","type":"post","link":"https:\/\/portal.sma.gob.cl\/index.php\/fiscalizadores-de-distintos-servicios-de-aysen-hacen-un-balance-de-fin-de-ano\/","title":{"rendered":"Fiscalizadores de distintos servicios de Ays\u00e9n hacen un balance de fin de a\u00f1o"},"content":{"rendered":"<p style=\"text-align: justify;\"><img decoding=\"async\" class=\"size-auto size-full wp-image-16080\" src=\"https:\/\/portal.sma.gob.cl\/wp-content\/uploads\/2014\/12\/760_x_31-12-2014_Fiscalizadores_de_Ays%C3%A9n_hacen_balance_fin_de_a%C3%B1o.jpg\" alt=\"760 x 31-12-2014 Fiscalizadores de Ays\u00e9n hacen balance fin de a\u00f1o\" width=\"760\" height=\"300\" \/><\/p>\n<p style=\"text-align: justify;\"><strong>Un recuento positivo en materia de fiscalizaci\u00f3n ambiental realizaron los profesionales de distintos servicios integrantes de la Red Nacional de Fiscalziaci\u00f3n Ambiental (RENFA), quienes se reunieron en Coyhaique.<\/strong><\/p>\n<p>  <!--more-->  <\/p>\n<p style=\"text-align: justify;\"><strong>Coyhaique, 31 de diciembre de 2014<\/strong>. En las oficinas del Servicio de Evaluaci\u00f3n Ambiental (SEA) de Coyhaique se dieron cita fiscalizadores de distintos servicios con competencia ambiental de la Regi\u00f3n de Ays\u00e9n para analizar las labores realizadas en el a\u00f1o 2014. A la cita concurrieron representantes de Vialidad, CONAF, DGA, Sernapesca, SEA, Directemar, SAG, Seremi de Salud y Seremi de Transportes, quienes estuvieron liderados por el fiscalizador regional de la Superintendencia del Medio Ambiente (SMA), Oscar Leal Sandoval.<\/p>\n<p style=\"text-align: justify;\">Entre los temas tratados se destac\u00f3 la importancia del trabajo en equipo, en pos del resguardo del patrimonio ambiental y de la salud de las personas. La eficiencia de las pol\u00edticas p\u00fablicas se basa en gran medida en que exista una adecuada comunicaci\u00f3n entre los distintos servicios con competencia ambiental; esta comunicaci\u00f3n es fundamental para coordinar esfuerzos, definir criterios y transmitir informaci\u00f3n que permita tomar la mejor decisi\u00f3n en el momento oportuno.<\/p>\n<p style=\"text-align: justify;\">Entre las fortalezas se identific\u00f3 la confianza existente al interior del equipo de fiscalizadores. Esta confianza es la base para construir una comunicaci\u00f3n efectiva y transversal; y multiplica la gesti\u00f3n que individualmente cada funcionario podr\u00eda hacer, desde su \u00f3ptica sectorial.<\/p>\n<p style=\"text-align: justify;\">Esta coordinaci\u00f3n se ve reflejada no s\u00f3lo en la comunicaci\u00f3n, sino tambi\u00e9n en la disposici\u00f3n para compartir recursos en cada actividad de inspecci\u00f3n facilitando el transporte, instrumentaci\u00f3n o diferentes tipos de an\u00e1lisis de acuerdo a la capacidad de cada servicio.<\/p>\n<p style=\"text-align: justify;\">El pr\u00f3ximo encuentro qued\u00f3 fijado para la primera semana de abril del 2015, y el objetivo ser\u00e1 profundizar las coordinaciones a nivel regional, e intercambiar experiencias con el fin de mejorar cada a\u00f1o la gesti\u00f3n.<\/p>\n","protected":false},"excerpt":{"rendered":"<p>Un recuento positivo en materia de fiscalizaci\u00f3n ambiental realizaron los profesionales de distintos servicios integrantes de la Red Nacional de Fiscalziaci\u00f3n Ambiental (RENFA), quienes se reunieron en Coyhaique.<\/p>\n","protected":false},"author":3,"featured_media":16080,"comment_status":"open","ping_status":"open","sticky":false,"template":"","format":"standard","meta":{"footnotes":""},"categories":[94],"tags":[],"class_list":["post-16081","post","type-post","status-publish","format-standard","has-post-thumbnail","hentry","category-notas-noticias"],"_links":{"self":[{"href":"https:\/\/portal.sma.gob.cl\/index.php\/wp-json\/wp\/v2\/posts\/16081","targetHints":{"allow":["GET"]}}],"collection":[{"href":"https:\/\/portal.sma.gob.cl\/index.php\/wp-json\/wp\/v2\/posts"}],"about":[{"href":"https:\/\/portal.sma.gob.cl\/index.php\/wp-json\/wp\/v2\/types\/post"}],"author":[{"embeddable":true,"href":"https:\/\/portal.sma.gob.cl\/index.php\/wp-json\/wp\/v2\/users\/3"}],"replies":[{"embeddable":true,"href":"https:\/\/portal.sma.gob.cl\/index.php\/wp-json\/wp\/v2\/comments?post=16081"}],"version-history":[{"count":0,"href":"https:\/\/portal.sma.gob.cl\/index.php\/wp-json\/wp\/v2\/posts\/16081\/revisions"}],"wp:featuredmedia":[{"embeddable":true,"href":"https:\/\/portal.sma.gob.cl\/index.php\/wp-json\/wp\/v2\/media\/16080"}],"wp:attachment":[{"href":"https:\/\/portal.sma.gob.cl\/index.php\/wp-json\/wp\/v2\/media?parent=16081"}],"wp:term":[{"taxonomy":"category","embeddable":true,"href":"https:\/\/portal.sma.gob.cl\/index.php\/wp-json\/wp\/v2\/categories?post=16081"},{"taxonomy":"post_tag","embeddable":true,"href":"https:\/\/portal.sma.gob.cl\/index.php\/wp-json\/wp\/v2\/tags?post=16081"}],"curies":[{"name":"wp","href":"https:\/\/api.w.org\/{rel}","templated":true}]}}