{"id":16083,"date":"2015-01-07T17:48:26","date_gmt":"2015-01-07T17:48:26","guid":{"rendered":"https:\/\/portal.sma.gob.cl\/index.php\/2015\/01\/07\/superintendente-visita-a-nuevo-presidente-del-tribunal-ambiental\/"},"modified":"2015-01-07T17:48:26","modified_gmt":"2015-01-07T17:48:26","slug":"superintendente-visita-a-nuevo-presidente-del-tribunal-ambiental","status":"publish","type":"post","link":"https:\/\/portal.sma.gob.cl\/index.php\/superintendente-visita-a-nuevo-presidente-del-tribunal-ambiental\/","title":{"rendered":"Superintendente visita a nuevo Presidente del Tribunal Ambiental"},"content":{"rendered":"<p style=\"text-align: justify;\"><strong><img decoding=\"async\" class=\"size-auto size-full wp-image-16082\" src=\"https:\/\/portal.sma.gob.cl\/wp-content\/uploads\/2015\/01\/7-1.jpg\" alt=\"7-1\" width=\"760\" height=\"300\" srcset=\"https:\/\/portal.sma.gob.cl\/wp-content\/uploads\/2015\/01\/7-1-200x79.jpg 200w, https:\/\/portal.sma.gob.cl\/wp-content\/uploads\/2015\/01\/7-1-300x118.jpg 300w, https:\/\/portal.sma.gob.cl\/wp-content\/uploads\/2015\/01\/7-1-400x158.jpg 400w, https:\/\/portal.sma.gob.cl\/wp-content\/uploads\/2015\/01\/7-1-600x237.jpg 600w, https:\/\/portal.sma.gob.cl\/wp-content\/uploads\/2015\/01\/7-1.jpg 760w\" sizes=\"(max-width: 760px) 100vw, 760px\" \/><\/strong><\/p>\n<p style=\"text-align: justify;\"><strong>El Ministro Rafael Asenjo asumi\u00f3 como nuevo titular del Tribunal con sede en Santiago por los pr\u00f3ximos dos a\u00f1os.<\/strong><\/p>\n<p>  <!--more-->  <\/p>\n<p style=\"text-align: justify;\"><strong>Santiago, 7 de enero de 2014.<\/strong> El Superintendente del Medio Ambiente Cristi\u00e1n Franz, acompa\u00f1ado de la Fiscal del organismo, Dominique Herv\u00e9; visit\u00f3 esta ma\u00f1ana al nuevo Presidente del Segundo Tribunal Ambiental, Sr. Rafael Asenjo.<\/p>\n<p style=\"text-align: justify;\">La reuni\u00f3n protocolar abord\u00f3 temas de inter\u00e9s para ambas instituciones. El Superintendente Franz explic\u00f3 los principales lineamientos estrat\u00e9gicos de la Superintendencia del Medio Ambiente (SMA) para el a\u00f1o 2015 entre los que se encuentra el fortalecimiento regional de la instituci\u00f3n y la optimizaci\u00f3n de la funci\u00f3n sancionatoria de la entidad. A la vez, dese\u00f3 \u00e9xito a Asenjo en su gesti\u00f3n, la cual desarrollar\u00e1 por los pr\u00f3ximos dos a\u00f1os.<\/p>\n<p style=\"text-align: justify;\">Finalmente, ambos personeros, hicieron hincapi\u00e9 en la voluntad de reforzar los lazos de colaboraci\u00f3n que permitan a ambas entidades optimizar el desempe\u00f1o del rol que la normativa les asigna.<\/p>\n","protected":false},"excerpt":{"rendered":"<p>El Ministro Rafael Asenjo asumi\u00f3 como nuevo titular del Tribunal con sede en Santiago por los pr\u00f3ximos dos a\u00f1os.<\/p>\n","protected":false},"author":3,"featured_media":16082,"comment_status":"open","ping_status":"open","sticky":false,"template":"","format":"standard","meta":{"footnotes":""},"categories":[94],"tags":[],"class_list":["post-16083","post","type-post","status-publish","format-standard","has-post-thumbnail","hentry","category-notas-noticias"],"_links":{"self":[{"href":"https:\/\/portal.sma.gob.cl\/index.php\/wp-json\/wp\/v2\/posts\/16083","targetHints":{"allow":["GET"]}}],"collection":[{"href":"https:\/\/portal.sma.gob.cl\/index.php\/wp-json\/wp\/v2\/posts"}],"about":[{"href":"https:\/\/portal.sma.gob.cl\/index.php\/wp-json\/wp\/v2\/types\/post"}],"author":[{"embeddable":true,"href":"https:\/\/portal.sma.gob.cl\/index.php\/wp-json\/wp\/v2\/users\/3"}],"replies":[{"embeddable":true,"href":"https:\/\/portal.sma.gob.cl\/index.php\/wp-json\/wp\/v2\/comments?post=16083"}],"version-history":[{"count":0,"href":"https:\/\/portal.sma.gob.cl\/index.php\/wp-json\/wp\/v2\/posts\/16083\/revisions"}],"wp:featuredmedia":[{"embeddable":true,"href":"https:\/\/portal.sma.gob.cl\/index.php\/wp-json\/wp\/v2\/media\/16082"}],"wp:attachment":[{"href":"https:\/\/portal.sma.gob.cl\/index.php\/wp-json\/wp\/v2\/media?parent=16083"}],"wp:term":[{"taxonomy":"category","embeddable":true,"href":"https:\/\/portal.sma.gob.cl\/index.php\/wp-json\/wp\/v2\/categories?post=16083"},{"taxonomy":"post_tag","embeddable":true,"href":"https:\/\/portal.sma.gob.cl\/index.php\/wp-json\/wp\/v2\/tags?post=16083"}],"curies":[{"name":"wp","href":"https:\/\/api.w.org\/{rel}","templated":true}]}}