{"id":16088,"date":"2015-01-09T15:32:39","date_gmt":"2015-01-09T15:32:39","guid":{"rendered":"https:\/\/portal.sma.gob.cl\/index.php\/2015\/01\/09\/sma-realiza-ensayo-de-intercomparacion-de-laboratorios\/"},"modified":"2015-01-09T15:32:39","modified_gmt":"2015-01-09T15:32:39","slug":"sma-realiza-ensayo-de-intercomparacion-de-laboratorios","status":"publish","type":"post","link":"https:\/\/portal.sma.gob.cl\/index.php\/sma-realiza-ensayo-de-intercomparacion-de-laboratorios\/","title":{"rendered":"SMA realiza ensayo de intercomparaci\u00f3n de laboratorios"},"content":{"rendered":"<p><strong><img decoding=\"async\" class=\"size-auto size-full wp-image-16087\" src=\"https:\/\/portal.sma.gob.cl\/wp-content\/uploads\/2015\/01\/8-1-slide.jpg\" alt=\"8-1-slide\" width=\"760\" height=\"300\" srcset=\"https:\/\/portal.sma.gob.cl\/wp-content\/uploads\/2015\/01\/8-1-slide-200x79.jpg 200w, https:\/\/portal.sma.gob.cl\/wp-content\/uploads\/2015\/01\/8-1-slide-300x118.jpg 300w, https:\/\/portal.sma.gob.cl\/wp-content\/uploads\/2015\/01\/8-1-slide-400x158.jpg 400w, https:\/\/portal.sma.gob.cl\/wp-content\/uploads\/2015\/01\/8-1-slide-600x237.jpg 600w, https:\/\/portal.sma.gob.cl\/wp-content\/uploads\/2015\/01\/8-1-slide.jpg 760w\" sizes=\"(max-width: 760px) 100vw, 760px\" \/><\/strong><\/p>\n<p><strong>La Superintendencia del Medio Ambiente (SMA) realiz\u00f3 pruebas a 3 laboratorios en una actividad piloto para medir par\u00e1metros de calidad del aire.<\/strong><\/p>\n<p>  <!--more-->  <\/p>\n<p><strong>Santiago, 8 de enero de 2015.<\/strong> La Divisi\u00f3n de Fiscalizaci\u00f3n de la Superintendencia del Medio Ambiente (SMA) llev\u00f3 a cabo el primer ensayo piloto de intercomparaci\u00f3n de laboratorios para la medici\u00f3n de par\u00e1metros de calidad del aire (EA-SMA-03-14).<\/p>\n<p>La prueba se llev\u00f3 a cabo en dependencias del Ministerio del Medio Ambiente, instituci\u00f3n acreditada por la norma ISO\/IEC 17.025. En el ensayo participaron profesionales de 3 laboratorios: SGS, Algoritmos y Cesmec.<\/p>\n<p>Estas empresas realizaron mediciones de SO2 (Di\u00f3xido de Azufre) en las dependencias del laboratorio de la Red MACAM. El ensayo tuvo una duraci\u00f3n de dos d\u00edas, se inici\u00f3 el mi\u00e9rcoles 7 y finaliz\u00f3 el jueves 8 de enero.<\/p>\n","protected":false},"excerpt":{"rendered":"<p>La Superintendencia del Medio Ambiente (SMA) realiz\u00f3 pruebas a 3 laboratorios en una actividad piloto para medir par\u00e1metros de calidad del aire.<\/p>\n","protected":false},"author":3,"featured_media":16087,"comment_status":"open","ping_status":"open","sticky":false,"template":"","format":"standard","meta":{"footnotes":""},"categories":[94],"tags":[],"class_list":["post-16088","post","type-post","status-publish","format-standard","has-post-thumbnail","hentry","category-notas-noticias"],"_links":{"self":[{"href":"https:\/\/portal.sma.gob.cl\/index.php\/wp-json\/wp\/v2\/posts\/16088","targetHints":{"allow":["GET"]}}],"collection":[{"href":"https:\/\/portal.sma.gob.cl\/index.php\/wp-json\/wp\/v2\/posts"}],"about":[{"href":"https:\/\/portal.sma.gob.cl\/index.php\/wp-json\/wp\/v2\/types\/post"}],"author":[{"embeddable":true,"href":"https:\/\/portal.sma.gob.cl\/index.php\/wp-json\/wp\/v2\/users\/3"}],"replies":[{"embeddable":true,"href":"https:\/\/portal.sma.gob.cl\/index.php\/wp-json\/wp\/v2\/comments?post=16088"}],"version-history":[{"count":0,"href":"https:\/\/portal.sma.gob.cl\/index.php\/wp-json\/wp\/v2\/posts\/16088\/revisions"}],"wp:featuredmedia":[{"embeddable":true,"href":"https:\/\/portal.sma.gob.cl\/index.php\/wp-json\/wp\/v2\/media\/16087"}],"wp:attachment":[{"href":"https:\/\/portal.sma.gob.cl\/index.php\/wp-json\/wp\/v2\/media?parent=16088"}],"wp:term":[{"taxonomy":"category","embeddable":true,"href":"https:\/\/portal.sma.gob.cl\/index.php\/wp-json\/wp\/v2\/categories?post=16088"},{"taxonomy":"post_tag","embeddable":true,"href":"https:\/\/portal.sma.gob.cl\/index.php\/wp-json\/wp\/v2\/tags?post=16088"}],"curies":[{"name":"wp","href":"https:\/\/api.w.org\/{rel}","templated":true}]}}