{"id":16090,"date":"2015-01-14T19:16:05","date_gmt":"2015-01-14T19:16:05","guid":{"rendered":"https:\/\/portal.sma.gob.cl\/index.php\/2015\/01\/14\/superintendente-se-reune-con-autoridades-de-arica-y-parinacota\/"},"modified":"2015-01-14T19:16:05","modified_gmt":"2015-01-14T19:16:05","slug":"superintendente-se-reune-con-autoridades-de-arica-y-parinacota","status":"publish","type":"post","link":"https:\/\/portal.sma.gob.cl\/index.php\/superintendente-se-reune-con-autoridades-de-arica-y-parinacota\/","title":{"rendered":"Superintendente se re\u00fane con autoridades de Arica y Parinacota"},"content":{"rendered":"<p style=\"text-align: justify;\"><strong><img decoding=\"async\" class=\"size-auto size-full wp-image-16089\" src=\"https:\/\/portal.sma.gob.cl\/wp-content\/uploads\/2015\/01\/nota.jpg\" alt=\"nota\" width=\"760\" height=\"300\" \/><\/strong><\/p>\n<p style=\"text-align: justify;\"><strong>Una intensa agenda de trabajo desarroll\u00f3 el Superintendente, Cristi\u00e1n Franz, la que incluy\u00f3 reuniones con autoridades para abarcar los principales temas ambientales de la regi\u00f3n.<\/strong><\/p>\n<p>  <!--more-->  <\/p>\n<p style=\"text-align: justify;\"><strong>Arica, 14 de enero de 2015.<\/strong> El Superintendente del Medio Ambiente, Cristi\u00e1n Franz, junto a directivos de la SMA, realizaron una visita a terreno en la Regi\u00f3n de Arica y Parinacota, durante los d\u00edas martes 13 y mi\u00e9rcoles 14 de enero. Entre sus actividades, figuraron reuniones con autoridades de la zona para conocer sus principales preocupaciones ambientales.<\/p>\n<p style=\"text-align: justify;\">El martes se realiz\u00f3 una mesa de trabajo junto al Seremi de Medio Ambiente, Renato Brice\u00f1o; el Director Regional del SEA, Mauricio Guti\u00e9rrez; Director regional de Sernageomin; Director regional de CONAF; Director regional del SAG; Director regional de Sernapesca; la directora (S) regional de la DGA; Seremi (S) de Salud; y el jefe del departamento de acci\u00f3n sanitaria de Salud; y tambi\u00e9n participaron diversos profesionales de Gobernaci\u00f3n Mar\u00edtima y el Consejo de Monumentos Nacionales.<\/p>\n<p style=\"text-align: justify;\">En esta reuni\u00f3n tambi\u00e9n participaron por parte de la SMA, el jefe de la Divisi\u00f3n de Fiscalizaci\u00f3n, Rub\u00e9n Verdugo; el jefe del Departamento de Coordinaci\u00f3n Institucional, Juan Carlos Jorquera; y el fiscalizador regional Christian Rojo. Entre los temas que se abordaron, est\u00e1n las competencias de la SMA, y tambi\u00e9n se explicaron los planes y programas establecidos para 2015 en Arica y Parinacota, y a la vez, recibi\u00f3 consultas y sugerencias de los servicios regionales para mejorar la fiscalizaci\u00f3n.<\/p>\n<p style=\"text-align: justify;\">El Superintendente Franz explic\u00f3 que \u201cen 2014 creamos la Red Nacional de Fiscalizaci\u00f3n Ambiental, RENFA, que agrupa a 15 servicios p\u00fablicos. El reto este a\u00f1o es lograr una implementaci\u00f3n regional de la red para ir mejorando cada d\u00eda la fiscalizaci\u00f3n ambiental en todo el pa\u00eds\u201d.<\/p>\n<p style=\"text-align: justify;\">En tanto, el mi\u00e9rcoles 14 se reuni\u00f3 con el Intendente, Emilio Rodr\u00edguez, cita en la que tambi\u00e9n particip\u00f3 el Seremi Renato Brice\u00f1o. En este encuentro se abordaron temas ambientales de inter\u00e9s regional. El Intendente valor\u00f3 la presencia del Superintendente en la zona, pues esta es la primera vez que la m\u00e1xima autoridad de la SMA visita la regi\u00f3n de Arica y Parinacota.<\/p>\n","protected":false},"excerpt":{"rendered":"<p>Una intensa agenda de trabajo desarroll\u00f3 el Superintendente, Cristi\u00e1n Franz, la que incluy\u00f3 reuniones con autoridades para abarcar los principales temas ambientales de la regi\u00f3n.<\/p>\n","protected":false},"author":3,"featured_media":16089,"comment_status":"open","ping_status":"open","sticky":false,"template":"","format":"standard","meta":{"footnotes":""},"categories":[94],"tags":[],"class_list":["post-16090","post","type-post","status-publish","format-standard","has-post-thumbnail","hentry","category-notas-noticias"],"_links":{"self":[{"href":"https:\/\/portal.sma.gob.cl\/index.php\/wp-json\/wp\/v2\/posts\/16090","targetHints":{"allow":["GET"]}}],"collection":[{"href":"https:\/\/portal.sma.gob.cl\/index.php\/wp-json\/wp\/v2\/posts"}],"about":[{"href":"https:\/\/portal.sma.gob.cl\/index.php\/wp-json\/wp\/v2\/types\/post"}],"author":[{"embeddable":true,"href":"https:\/\/portal.sma.gob.cl\/index.php\/wp-json\/wp\/v2\/users\/3"}],"replies":[{"embeddable":true,"href":"https:\/\/portal.sma.gob.cl\/index.php\/wp-json\/wp\/v2\/comments?post=16090"}],"version-history":[{"count":0,"href":"https:\/\/portal.sma.gob.cl\/index.php\/wp-json\/wp\/v2\/posts\/16090\/revisions"}],"wp:featuredmedia":[{"embeddable":true,"href":"https:\/\/portal.sma.gob.cl\/index.php\/wp-json\/wp\/v2\/media\/16089"}],"wp:attachment":[{"href":"https:\/\/portal.sma.gob.cl\/index.php\/wp-json\/wp\/v2\/media?parent=16090"}],"wp:term":[{"taxonomy":"category","embeddable":true,"href":"https:\/\/portal.sma.gob.cl\/index.php\/wp-json\/wp\/v2\/categories?post=16090"},{"taxonomy":"post_tag","embeddable":true,"href":"https:\/\/portal.sma.gob.cl\/index.php\/wp-json\/wp\/v2\/tags?post=16090"}],"curies":[{"name":"wp","href":"https:\/\/api.w.org\/{rel}","templated":true}]}}