{"id":16104,"date":"2015-01-23T19:44:27","date_gmt":"2015-01-23T19:44:27","guid":{"rendered":"https:\/\/portal.sma.gob.cl\/index.php\/2015\/01\/23\/sma-recibe-a-dirigentes-del-colegio-medico\/"},"modified":"2015-01-23T19:44:27","modified_gmt":"2015-01-23T19:44:27","slug":"sma-recibe-a-dirigentes-del-colegio-medico","status":"publish","type":"post","link":"https:\/\/portal.sma.gob.cl\/index.php\/sma-recibe-a-dirigentes-del-colegio-medico\/","title":{"rendered":"SMA recibe a dirigentes del Colegio M\u00e9dico"},"content":{"rendered":"<p style=\"text-align: justify;\"><strong><img decoding=\"async\" class=\"size-auto size-full wp-image-16103\" src=\"https:\/\/portal.sma.gob.cl\/wp-content\/uploads\/2015\/01\/colegio-medico.jpg\" alt=\"colegio-medico\" width=\"760\" height=\"300\" srcset=\"https:\/\/portal.sma.gob.cl\/wp-content\/uploads\/2015\/01\/colegio-medico-200x79.jpg 200w, https:\/\/portal.sma.gob.cl\/wp-content\/uploads\/2015\/01\/colegio-medico-300x118.jpg 300w, https:\/\/portal.sma.gob.cl\/wp-content\/uploads\/2015\/01\/colegio-medico-400x158.jpg 400w, https:\/\/portal.sma.gob.cl\/wp-content\/uploads\/2015\/01\/colegio-medico-600x237.jpg 600w, https:\/\/portal.sma.gob.cl\/wp-content\/uploads\/2015\/01\/colegio-medico.jpg 760w\" sizes=\"(max-width: 760px) 100vw, 760px\" \/><\/strong><\/p>\n<p style=\"text-align: justify;\"><strong>El Superintendente del Medio Ambiente, Cristi\u00e1n Franz, se reuni\u00f3 con el presidente del gremio, doctor Enrique Paris y el doctor Aliro Bolados, para examinar antecedentes respecto de las muestras de sangre que arrojaron la presencia de algunos metales pesados en ni\u00f1os de Antofagasta.<\/strong><\/p>\n<p>  <!--more-->  <\/p>\n<p style=\"text-align: justify;\"><strong>Santiago, 23 de enero de 2015.<\/strong> Hasta las dependencias de la Superintendencia del Medio Ambiente (SMA) llegaron esta tarde el Presidente del Colegio M\u00e9dico, doctor Enrique Paris, junto al Presidente de la colectividad en Antofagasta, doctor Aliro Bolados, para exponer su preocupaci\u00f3n respecto de los resultados que arrojaron la presencia de algunos metales pesados en ni\u00f1os de Antofagasta y que fueron recientemente dadas a conocer por la autoridad sanitaria de dicha regi\u00f3n.<\/p>\n<p style=\"text-align: justify;\">La directiva del Colegio M\u00e9dico fue recibida por el Superintendente del Medio Ambiente, Cristi\u00e1n Franz, junto al jefe de la Divisi\u00f3n de Fiscalizaci\u00f3n, Rub\u00e9n Verdugo. En la cita, Franz explic\u00f3 las atribuciones de la SMA, y a la vez, explic\u00f3 que la instituci\u00f3n ha fiscalizado 4 veces en los \u00faltimos dos a\u00f1os el proyecto Antofagasta Terminal Internacional S.A. (ATI S.A.). A\u00f1adi\u00f3 que las inspecciones a dicha instalaci\u00f3n han sido ejecutadas por fiscalizadores de la SMA como tambi\u00e9n de profesionales de Capitan\u00eda de Puerto; la Gobernaci\u00f3n Mar\u00edtima y la Seremi de Salud, todos de la Regi\u00f3n de Antofagasta.<\/p>\n<p style=\"text-align: justify;\">El Superintendente a\u00f1adi\u00f3 que el 1 de diciembre de 2014 se inici\u00f3 un procedimiento sancionatorio contra dicho proyecto, por diversos incumplimientos como, por ejemplo, la presencia de aberturas en el sistema de correa transportadora de minerales, lo que ocasiona fuga de material particulado en el traspaso de dicha correas; la falta de hermeticidad en el galp\u00f3n de concentrados Terminal de Embarque de Graneles Minerales; entre otros. En enero, la empresa present\u00f3 un Programa de Cumplimiento, que contiene acciones y metas para que dentro de un plazo fijado por la Superintendencia, el titular cumpla sus obligaciones ambientales. La SMA se encuentra analizando el contenido de dicho Programa.<\/p>\n<p style=\"text-align: justify;\">A la vez, Franz indic\u00f3 que la SMA tiene como obligaci\u00f3n fiscalizar los proyectos con Resoluciones de Calificaci\u00f3n Ambiental (RCA), labor que est\u00e1 cumpliendo a cabalidad. No obstante, en la ciudad de Antofagasta \u201cpudiesen existir otras fuentes desde las cuales se podr\u00eda estar emitiendo o dispersando material particulado con presencia de metales pesados, por lo que es crucial entender la situaci\u00f3n en su contexto y abordar desde una mirada sist\u00e9mica y con un \u00e9nfasis en la salud p\u00fablica las futuras acciones\u201d, indic\u00f3.<\/p>\n","protected":false},"excerpt":{"rendered":"<p>El Superintendente del Medio Ambiente, Cristi\u00e1n Franz, se reuni\u00f3 con el presidente del gremio, doctor Enrique Paris y el doctor Aliro Bolados, para examinar antecedentes respecto de las muestras de sangre que arrojaron la presencia de algunos metales pesados en ni\u00f1os de Antofagasta.<\/p>\n","protected":false},"author":3,"featured_media":16103,"comment_status":"open","ping_status":"open","sticky":false,"template":"","format":"standard","meta":{"footnotes":""},"categories":[94],"tags":[],"class_list":["post-16104","post","type-post","status-publish","format-standard","has-post-thumbnail","hentry","category-notas-noticias"],"_links":{"self":[{"href":"https:\/\/portal.sma.gob.cl\/index.php\/wp-json\/wp\/v2\/posts\/16104","targetHints":{"allow":["GET"]}}],"collection":[{"href":"https:\/\/portal.sma.gob.cl\/index.php\/wp-json\/wp\/v2\/posts"}],"about":[{"href":"https:\/\/portal.sma.gob.cl\/index.php\/wp-json\/wp\/v2\/types\/post"}],"author":[{"embeddable":true,"href":"https:\/\/portal.sma.gob.cl\/index.php\/wp-json\/wp\/v2\/users\/3"}],"replies":[{"embeddable":true,"href":"https:\/\/portal.sma.gob.cl\/index.php\/wp-json\/wp\/v2\/comments?post=16104"}],"version-history":[{"count":0,"href":"https:\/\/portal.sma.gob.cl\/index.php\/wp-json\/wp\/v2\/posts\/16104\/revisions"}],"wp:featuredmedia":[{"embeddable":true,"href":"https:\/\/portal.sma.gob.cl\/index.php\/wp-json\/wp\/v2\/media\/16103"}],"wp:attachment":[{"href":"https:\/\/portal.sma.gob.cl\/index.php\/wp-json\/wp\/v2\/media?parent=16104"}],"wp:term":[{"taxonomy":"category","embeddable":true,"href":"https:\/\/portal.sma.gob.cl\/index.php\/wp-json\/wp\/v2\/categories?post=16104"},{"taxonomy":"post_tag","embeddable":true,"href":"https:\/\/portal.sma.gob.cl\/index.php\/wp-json\/wp\/v2\/tags?post=16104"}],"curies":[{"name":"wp","href":"https:\/\/api.w.org\/{rel}","templated":true}]}}