{"id":16116,"date":"2015-02-05T19:50:23","date_gmt":"2015-02-05T19:50:23","guid":{"rendered":"https:\/\/portal.sma.gob.cl\/index.php\/2015\/02\/05\/sma-y-seremi-de-salud-de-los-lagos-aunan-criterios-para-enfrentar-desafios-de-fiscalizacion\/"},"modified":"2015-02-05T19:50:23","modified_gmt":"2015-02-05T19:50:23","slug":"sma-y-seremi-de-salud-de-los-lagos-aunan-criterios-para-enfrentar-desafios-de-fiscalizacion","status":"publish","type":"post","link":"https:\/\/portal.sma.gob.cl\/index.php\/sma-y-seremi-de-salud-de-los-lagos-aunan-criterios-para-enfrentar-desafios-de-fiscalizacion\/","title":{"rendered":"SMA Y Seremi de Salud de Los Lagos a\u00fanan criterios para enfrentar desaf\u00edos de fiscalizaci\u00f3n"},"content":{"rendered":"<p><img decoding=\"async\" class=\"size-auto size-full wp-image-16115\" src=\"https:\/\/portal.sma.gob.cl\/wp-content\/uploads\/2015\/02\/5-nota.jpg\" alt=\"5-nota\" width=\"760\" height=\"300\" \/><\/p>\n<p><strong>Eduardo Rodr\u00edguez, jefe de la Macrozona Sur, tuvo una cita de coordinaci\u00f3n con la Seremi de Salud de Los Lagos, doctora Eugenia Schnake.<\/strong><\/p>\n<p>  <!--more-->  <\/p>\n<p>Puerto Montt, 05 de febrero de 2015. En la Seremi de Salud de Los Lagos se realiz\u00f3 una reuni\u00f3n de coordinaci\u00f3n para enfrentar los desaf\u00edos de este a\u00f1o en materia ambiental. La cita entre el Jefe de la Macrozona Sur de la SMA, Eduardo Rodr\u00edguez, y la Seremi de Salud de Los Lagos Dra. Eugenia Schnake V, incluy\u00f3 la asistencia de la Jefa de Acci\u00f3n Sanitaria de esa repartici\u00f3n, Sof\u00eda Torres, adem\u00e1s de diversos profesionales de esa repartici\u00f3n.<\/p>\n<p>El objetivo de la reuni\u00f3n era unificar criterios para enfrentar los desaf\u00edos en materia de fiscalizaci\u00f3n ambiental para el a\u00f1o 2015, para ello se abordaron temas como las atribuciones de la SMA, procedimientos de fiscalizaci\u00f3n, atenci\u00f3n de denuncias, y en general todo lo necesario para mantener una comunicaci\u00f3n directa y fluida entre ambas instituciones.<\/p>\n<p>Los profesionales de salud mostraron una activa participaci\u00f3n, realizando consultas y aclarando dudas, y manifestando inter\u00e9s y compromiso en materia de fiscalizaci\u00f3n ambiental, una labor crucial para enfrentar las demandas ciudadanas relativas a compromisos ambientales que deben cumplir diversas empresas en la Regi\u00f3n de Los Lagos.<\/p>\n","protected":false},"excerpt":{"rendered":"<p>Eduardo Rodr\u00edguez, jefe de la Macrozona Sur, tuvo una cita de coordinaci\u00f3n con la Seremi de Salud de Los Lagos, doctora Eugenia Schnake.<\/p>\n","protected":false},"author":3,"featured_media":16115,"comment_status":"open","ping_status":"open","sticky":false,"template":"","format":"standard","meta":{"footnotes":""},"categories":[94],"tags":[],"class_list":["post-16116","post","type-post","status-publish","format-standard","has-post-thumbnail","hentry","category-notas-noticias"],"_links":{"self":[{"href":"https:\/\/portal.sma.gob.cl\/index.php\/wp-json\/wp\/v2\/posts\/16116","targetHints":{"allow":["GET"]}}],"collection":[{"href":"https:\/\/portal.sma.gob.cl\/index.php\/wp-json\/wp\/v2\/posts"}],"about":[{"href":"https:\/\/portal.sma.gob.cl\/index.php\/wp-json\/wp\/v2\/types\/post"}],"author":[{"embeddable":true,"href":"https:\/\/portal.sma.gob.cl\/index.php\/wp-json\/wp\/v2\/users\/3"}],"replies":[{"embeddable":true,"href":"https:\/\/portal.sma.gob.cl\/index.php\/wp-json\/wp\/v2\/comments?post=16116"}],"version-history":[{"count":0,"href":"https:\/\/portal.sma.gob.cl\/index.php\/wp-json\/wp\/v2\/posts\/16116\/revisions"}],"wp:featuredmedia":[{"embeddable":true,"href":"https:\/\/portal.sma.gob.cl\/index.php\/wp-json\/wp\/v2\/media\/16115"}],"wp:attachment":[{"href":"https:\/\/portal.sma.gob.cl\/index.php\/wp-json\/wp\/v2\/media?parent=16116"}],"wp:term":[{"taxonomy":"category","embeddable":true,"href":"https:\/\/portal.sma.gob.cl\/index.php\/wp-json\/wp\/v2\/categories?post=16116"},{"taxonomy":"post_tag","embeddable":true,"href":"https:\/\/portal.sma.gob.cl\/index.php\/wp-json\/wp\/v2\/tags?post=16116"}],"curies":[{"name":"wp","href":"https:\/\/api.w.org\/{rel}","templated":true}]}}