{"id":16129,"date":"2015-03-04T12:16:02","date_gmt":"2015-03-04T12:16:02","guid":{"rendered":"https:\/\/portal.sma.gob.cl\/index.php\/2015\/03\/04\/sma-formula-cargos-contra-australis-mar-por-incumplimientos-ambientales-y-sanitarios\/"},"modified":"2015-03-04T12:16:02","modified_gmt":"2015-03-04T12:16:02","slug":"sma-formula-cargos-contra-australis-mar-por-incumplimientos-ambientales-y-sanitarios","status":"publish","type":"post","link":"https:\/\/portal.sma.gob.cl\/index.php\/sma-formula-cargos-contra-australis-mar-por-incumplimientos-ambientales-y-sanitarios\/","title":{"rendered":"SMA formula cargos contra Australis Mar por incumplimientos ambientales y sanitarios"},"content":{"rendered":"<p style=\"text-align: justify;\"><strong><img decoding=\"async\" class=\"size-auto size-full wp-image-16128\" src=\"https:\/\/portal.sma.gob.cl\/wp-content\/uploads\/2015\/03\/slide1.jpg\" alt=\"slide1\" width=\"760\" height=\"300\" srcset=\"https:\/\/portal.sma.gob.cl\/wp-content\/uploads\/2015\/03\/slide1-200x79.jpg 200w, https:\/\/portal.sma.gob.cl\/wp-content\/uploads\/2015\/03\/slide1-300x118.jpg 300w, https:\/\/portal.sma.gob.cl\/wp-content\/uploads\/2015\/03\/slide1-400x158.jpg 400w, https:\/\/portal.sma.gob.cl\/wp-content\/uploads\/2015\/03\/slide1-600x237.jpg 600w, https:\/\/portal.sma.gob.cl\/wp-content\/uploads\/2015\/03\/slide1.jpg 760w\" sizes=\"(max-width: 760px) 100vw, 760px\" \/><\/strong><\/p>\n<p style=\"text-align: justify;\"><strong>La Superintendencia del Medio Ambiente (SMA) junto al Servicio Nacional de Pesca y Acuicultura (Sernapesca) fiscaliz\u00f3 centros de cultivo en la Regi\u00f3n de Ays\u00e9n, encontrando variadas infracciones.<\/strong><\/p>\n<p>  <!--more-->  <\/p>\n<p style=\"text-align: justify;\"><strong>Santiago, 4 de marzo de 2015.<\/strong> La Superintendencia del Medio Ambiente (SMA) procedi\u00f3 a formular cargos contra Australis Mar S.A., debido a una serie de incumplimientos ambientales en los centros de engorda de salmones \u201cSalas 5\u201d y \u201cRojas 2\u201d, ubicados en la Regi\u00f3n de Ays\u00e9n<\/p>\n<p style=\"text-align: justify;\">En el marco del programa de trabajo de la Red Nacional de Fiscalizaci\u00f3n (RENFA), liderada por la SMA y en colaboraci\u00f3n con el Servicio Nacional de Pesca y Acuicultura (Sernapesca), se constataron en terreno m\u00faltiples incumplimientos, entre los que se encuentran:<\/p>\n<p style=\"text-align: justify;\">1. Presencia de basura en columna de agua y el borde costero aleda\u00f1o a uno de los centros con residuos propios de la actividad.<br \/>2. Uso de abastos de aguas dulces no evaluados ambientalmente, sin tener los derechos sobre ellos.<br \/>3. Falta de registros de despachos de lodos hacia un destino de disposici\u00f3n final autorizado.<br \/>4. Falta de registros de caracterizaci\u00f3n de descargas y monitoreos.<br \/>5. Inexistencia de registro de capacitaci\u00f3n actualizado.<br \/>6. No realizar auditor\u00eda ambiental.<br \/>7. Uso no autorizado del borde costero perteneciente a la Reserva Nacional Las Guaitecas.<br \/>8. Apozamiento de redes y manejo inadecuado de las mismas no siguiendo los procedimientos obligatorios de limpieza y desinfecci\u00f3n. Por esta \u00faltima medida se solicita medida provisional de retiro de redes apozadas respecto del centro de cultivo \u201cRojas 2\u201d.<\/p>\n<p style=\"text-align: justify;\">Cabe recordar, que la formulaci\u00f3n de cargos es el inicio de un procedimiento sancionatorio por parte de la SMA. En tanto, el infractor tendr\u00e1 10 d\u00edas de plazo para presentar un Programa de Cumplimiento* o cuenta con 15 d\u00edas de plazo para formular descargos ante esta Superintendencia, tras lo cual contin\u00faa el proceso sancionatorio.<\/p>\n<p style=\"text-align: justify;\">Para mayores detalles, acceder a la formulaci\u00f3n de cargos en <a href=\"http:\/\/snifa.sma.gob.cl\/RegistroPublico\/ProcesoSancion\/VerExpediente?expediente=D-001-2015\">SNIFA<\/a><\/p>\n<hr \/>\n<p style=\"text-align: justify;\"><strong>* Programa de Cumplimiento:<\/strong> Es un plan de acciones y metas presentado por el infractor, para que dentro de un plazo fijado por la Superintendencia, el titular cumpla sus obligaciones ambientales. Si la SMA aprueba dicho programa, se pone fin al procedimiento sancionatorio. No obstante, si el titular no cumple con los compromisos establecidos en dicho programa, arriesga hasta el doble de la multa original.<\/p>\n","protected":false},"excerpt":{"rendered":"<p>La Superintendencia del Medio Ambiente (SMA) junto al Servicio Nacional de Pesca y Acuicultura (Sernapesca) fiscaliz\u00f3 centros de cultivo en la Regi\u00f3n de Ays\u00e9n, encontrando variadas infracciones.<\/p>\n","protected":false},"author":3,"featured_media":16128,"comment_status":"open","ping_status":"open","sticky":false,"template":"","format":"standard","meta":{"footnotes":""},"categories":[90],"tags":[],"class_list":["post-16129","post","type-post","status-publish","format-standard","has-post-thumbnail","hentry","category-comunicados-noticias"],"_links":{"self":[{"href":"https:\/\/portal.sma.gob.cl\/index.php\/wp-json\/wp\/v2\/posts\/16129","targetHints":{"allow":["GET"]}}],"collection":[{"href":"https:\/\/portal.sma.gob.cl\/index.php\/wp-json\/wp\/v2\/posts"}],"about":[{"href":"https:\/\/portal.sma.gob.cl\/index.php\/wp-json\/wp\/v2\/types\/post"}],"author":[{"embeddable":true,"href":"https:\/\/portal.sma.gob.cl\/index.php\/wp-json\/wp\/v2\/users\/3"}],"replies":[{"embeddable":true,"href":"https:\/\/portal.sma.gob.cl\/index.php\/wp-json\/wp\/v2\/comments?post=16129"}],"version-history":[{"count":0,"href":"https:\/\/portal.sma.gob.cl\/index.php\/wp-json\/wp\/v2\/posts\/16129\/revisions"}],"wp:featuredmedia":[{"embeddable":true,"href":"https:\/\/portal.sma.gob.cl\/index.php\/wp-json\/wp\/v2\/media\/16128"}],"wp:attachment":[{"href":"https:\/\/portal.sma.gob.cl\/index.php\/wp-json\/wp\/v2\/media?parent=16129"}],"wp:term":[{"taxonomy":"category","embeddable":true,"href":"https:\/\/portal.sma.gob.cl\/index.php\/wp-json\/wp\/v2\/categories?post=16129"},{"taxonomy":"post_tag","embeddable":true,"href":"https:\/\/portal.sma.gob.cl\/index.php\/wp-json\/wp\/v2\/tags?post=16129"}],"curies":[{"name":"wp","href":"https:\/\/api.w.org\/{rel}","templated":true}]}}