{"id":16143,"date":"2015-03-20T19:29:14","date_gmt":"2015-03-20T19:29:14","guid":{"rendered":"https:\/\/portal.sma.gob.cl\/index.php\/2015\/03\/20\/sma-participa-en-taller-para-comerciantes-de-lena-de-o-higgins\/"},"modified":"2015-03-20T19:29:14","modified_gmt":"2015-03-20T19:29:14","slug":"sma-participa-en-taller-para-comerciantes-de-lena-de-o-higgins","status":"publish","type":"post","link":"https:\/\/portal.sma.gob.cl\/index.php\/sma-participa-en-taller-para-comerciantes-de-lena-de-o-higgins\/","title":{"rendered":"SMA participa en taller para comerciantes de le\u00f1a de O\u2019Higgins"},"content":{"rendered":"<p><strong><img decoding=\"async\" class=\"size-auto size-full wp-image-16142\" src=\"https:\/\/portal.sma.gob.cl\/wp-content\/uploads\/2015\/03\/nota23.jpg\" alt=\"nota23\" width=\"760\" height=\"300\" srcset=\"https:\/\/portal.sma.gob.cl\/wp-content\/uploads\/2015\/03\/nota23-200x79.jpg 200w, https:\/\/portal.sma.gob.cl\/wp-content\/uploads\/2015\/03\/nota23-300x118.jpg 300w, https:\/\/portal.sma.gob.cl\/wp-content\/uploads\/2015\/03\/nota23-400x158.jpg 400w, https:\/\/portal.sma.gob.cl\/wp-content\/uploads\/2015\/03\/nota23-600x237.jpg 600w, https:\/\/portal.sma.gob.cl\/wp-content\/uploads\/2015\/03\/nota23.jpg 760w\" sizes=\"(max-width: 760px) 100vw, 760px\" \/><\/strong><\/p>\n<p><strong>El evento congreg\u00f3 a los comerciantes suscritos al Acuerdo de Producci\u00f3n Limpia (APL) de la Regi\u00f3n de O\u2019Higgins.<\/strong><\/p>\n<p>  <!--more-->  <\/p>\n<p style=\"text-align: justify;\"><strong>Rancagua, 17 de marzo de 2015.<\/strong> Profesionales de la Divisi\u00f3n de Fiscalizaci\u00f3n de la Superintendencia del Medio Ambiente (SMA) expusieron las t\u00e9cnicas de medici\u00f3n de humedad de le\u00f1a a comerciantes de la Regi\u00f3n de O\u2019Higgins. Esto, en el marco del \u201cPrimer taller de Acuerdo de Producci\u00f3n Limpia\u201d.<\/p>\n<p style=\"text-align: justify;\">La jornada, que se desarroll\u00f3 en el sal\u00f3n de la Seremi de Educaci\u00f3n de la Regi\u00f3n, cont\u00f3 con una exposici\u00f3n de Viviana Candia, Secretaria Regional del Consejo de Producci\u00f3n Limpia; seguida por el jefe de la unidad de control ambiental de la Seremi de Salud V\u00edctor Pe\u00f1a, quien expuso resultados de la fiscalizaci\u00f3n a comerciantes durante el a\u00f1o 2014.<\/p>\n<p style=\"text-align: justify;\">Posteriormente, profesionales de la Divisi\u00f3n de Fiscalizaci\u00f3n de la SMA, expusieron gr\u00e1ficamente c\u00f3mo determinar la humedad de la le\u00f1a, siguiendo los pasos necesarios para la correcta medici\u00f3n de la humedad de la le\u00f1a y ense\u00f1ando el uso del equipo xilohigr\u00f3metro. A la vez, los expertos explicaron c\u00f3mo la SMA planifica y realiza la fiscalizaci\u00f3n de las medidas del Plan de Descontaminaci\u00f3n del Valle Central asociada a este tipo de comercio.<\/p>\n<h3 style=\"text-align: justify;\">M\u00e1s informaci\u00f3n<\/h3>\n<p style=\"text-align: justify;\"><a class=\"doclink\" href=\"index.php?option=com_docman&amp;task=doc_download&amp;gid=330&amp;Itemid=280\"><img decoding=\"async\" class=\" size-full wp-image-15480\" src=\"https:\/\/portal.sma.gob.cl\/wp-content\/uploads\/2012\/07\/pdf.png\" alt=\"icon\" border=\"0\" width=\"16\" height=\"16\" \/>&nbsp;Presentaci\u00f3n: Fiscalizaci\u00f3n de comercio de le\u00f1a<\/a><\/p>\n","protected":false},"excerpt":{"rendered":"<p>El evento congreg\u00f3 a los comerciantes suscritos al Acuerdo de Producci\u00f3n Limpia (APL) de la Regi\u00f3n de O\u2019Higgins.<\/p>\n","protected":false},"author":3,"featured_media":16142,"comment_status":"open","ping_status":"open","sticky":false,"template":"","format":"standard","meta":{"footnotes":""},"categories":[94],"tags":[],"class_list":["post-16143","post","type-post","status-publish","format-standard","has-post-thumbnail","hentry","category-notas-noticias"],"_links":{"self":[{"href":"https:\/\/portal.sma.gob.cl\/index.php\/wp-json\/wp\/v2\/posts\/16143","targetHints":{"allow":["GET"]}}],"collection":[{"href":"https:\/\/portal.sma.gob.cl\/index.php\/wp-json\/wp\/v2\/posts"}],"about":[{"href":"https:\/\/portal.sma.gob.cl\/index.php\/wp-json\/wp\/v2\/types\/post"}],"author":[{"embeddable":true,"href":"https:\/\/portal.sma.gob.cl\/index.php\/wp-json\/wp\/v2\/users\/3"}],"replies":[{"embeddable":true,"href":"https:\/\/portal.sma.gob.cl\/index.php\/wp-json\/wp\/v2\/comments?post=16143"}],"version-history":[{"count":0,"href":"https:\/\/portal.sma.gob.cl\/index.php\/wp-json\/wp\/v2\/posts\/16143\/revisions"}],"wp:featuredmedia":[{"embeddable":true,"href":"https:\/\/portal.sma.gob.cl\/index.php\/wp-json\/wp\/v2\/media\/16142"}],"wp:attachment":[{"href":"https:\/\/portal.sma.gob.cl\/index.php\/wp-json\/wp\/v2\/media?parent=16143"}],"wp:term":[{"taxonomy":"category","embeddable":true,"href":"https:\/\/portal.sma.gob.cl\/index.php\/wp-json\/wp\/v2\/categories?post=16143"},{"taxonomy":"post_tag","embeddable":true,"href":"https:\/\/portal.sma.gob.cl\/index.php\/wp-json\/wp\/v2\/tags?post=16143"}],"curies":[{"name":"wp","href":"https:\/\/api.w.org\/{rel}","templated":true}]}}