{"id":16147,"date":"2015-03-31T12:34:02","date_gmt":"2015-03-31T12:34:02","guid":{"rendered":"https:\/\/portal.sma.gob.cl\/index.php\/2015\/03\/31\/tribunal-ambiental-de-valdivia-rechaza-reclamo-presentado-de-endesa\/"},"modified":"2015-03-31T12:34:02","modified_gmt":"2015-03-31T12:34:02","slug":"tribunal-ambiental-de-valdivia-rechaza-reclamo-presentado-de-endesa","status":"publish","type":"post","link":"https:\/\/portal.sma.gob.cl\/index.php\/tribunal-ambiental-de-valdivia-rechaza-reclamo-presentado-de-endesa\/","title":{"rendered":"Tribunal Ambiental de Valdivia rechaza reclamo presentado por Endesa sobre Bocamina"},"content":{"rendered":"<p>&nbsp;<img decoding=\"async\" class=\"size-auto size-full wp-image-16146\" style=\"line-height: 1.3em;\" src=\"https:\/\/portal.sma.gob.cl\/wp-content\/uploads\/2015\/03\/endesa-nota.jpg\" alt=\"endesa-nota\" width=\"760\" height=\"300\" srcset=\"https:\/\/portal.sma.gob.cl\/wp-content\/uploads\/2015\/03\/endesa-nota-200x79.jpg 200w, https:\/\/portal.sma.gob.cl\/wp-content\/uploads\/2015\/03\/endesa-nota-300x118.jpg 300w, https:\/\/portal.sma.gob.cl\/wp-content\/uploads\/2015\/03\/endesa-nota-400x158.jpg 400w, https:\/\/portal.sma.gob.cl\/wp-content\/uploads\/2015\/03\/endesa-nota-600x237.jpg 600w, https:\/\/portal.sma.gob.cl\/wp-content\/uploads\/2015\/03\/endesa-nota.jpg 760w\" sizes=\"(max-width: 760px) 100vw, 760px\" \/><\/p>\n<p><strong>En forma un\u00e1nime, el Tribunal confirm\u00f3 pr\u00e1cticamente de manera \u00edntegra, la sanci\u00f3n aplicada por la SMA a Endesa en agosto de 2014.<\/strong><\/p>\n<p>  <!--more-->  <\/p>\n<p style=\"text-align: justify;\"><strong>Santiago, 30 de marzo.<\/strong> En forma un\u00e1nime el Tercer Tribunal Ambiental con asiento en Valdivia, rechaz\u00f3 la reclamaci\u00f3n interpuesta por la empresa ENDESA Chile por el caso de la Central Termoel\u00e9ctrica Bocamina de Coronel y de paso, resolvi\u00f3 confirmar pr\u00e1cticamente de manera \u00edntegra, las sanciones aplicadas por la Superintendencia del Medio Ambiente (SMA) mediante Resoluci\u00f3n N\u00b0 421 del 11 de agosto de 2014.<\/p>\n<p style=\"text-align: justify;\">La Central Termoel\u00e9ctrica Bocamina, es un complejo industrial generador de energ\u00eda el\u00e9ctrica a base de carb\u00f3n con dos unidades, ubicado en la comuna de Coronel, 30 kil\u00f3metros al sur de Concepci\u00f3n, en el sector denominado Lo Rojas.&nbsp;<\/p>\n<p style=\"text-align: justify;\">Cabe recordar que la&nbsp;SMA sancion\u00f3 a ENDESA por una serie de incumplimientos asociados principalmente a: no cumplimiento de exigencias establecidas en la RCA N\u00b0 206\/2007 para el proyecto de ampliaci\u00f3n de Bocamina, requerimientos de informaci\u00f3n, succi\u00f3n masiva de recursos hidrobiol\u00f3gicos, y elusi\u00f3n al SEIA respecto del desarrollo de actividades del proyecto de Optimizaci\u00f3n de Bocamina.<\/p>\n<p style=\"text-align: justify;\">Entre otros aspectos&nbsp; el fallo establece&nbsp; que la SMA tipific\u00f3 correctamente las infracciones constatadas; que actu\u00f3 correctamente al calificar de elusi\u00f3n al Sistema de&nbsp; Evaluaci\u00f3n de Impacto Ambiental la mayor producci\u00f3n de energ\u00eda generada por la empresa; que &nbsp;la SMA&nbsp; puede, y debe constatar&nbsp; los &nbsp;efectos del art\u00edculo 11 de la Ley N\u00ba 19.300 con el fin de clasificar la infracci\u00f3n en el respectivo procedimiento sancionatorio;&nbsp; y tambi\u00e9n respald\u00f3 a &nbsp;la SMA al calificar la idoneidad de la medida de control para evitar la succi\u00f3n masiva de recursos hidrobiol\u00f3gicos, quedando claro que la &nbsp;medida adoptada por Endesa fue insuficiente. Respecto de la determinaci\u00f3n de la sanci\u00f3n por elusi\u00f3n impuesta por la SMA (infracci\u00f3n sobre el desarrollo de actividades sin contar con Resoluci\u00f3n de Calificaci\u00f3n Ambiental), el Tribunal estableci\u00f3 que la SMA &nbsp;debi\u00f3 ponderar en forma diferente &nbsp;la intencionalidad del infractor.<\/p>\n<p style=\"text-align: justify;\">Respecto al modelo sancionatorio, el Tribunal Ambiental estableci\u00f3 que la Ley no le exige a la SMA la aplicaci\u00f3n de una f\u00f3rmula exacta, ello tiene por objetivo evitar incurrir en un &nbsp;verdadero sistema tarifario, a este respecto el fallo se\u00f1ala lo siguiente: \u201cEn efecto, si un individuo, pudiese tarifar ex -ante, el costo de su infracci\u00f3n, entonces podr\u00eda realizar un an\u00e1lisis costo-beneficio, y en el caso que el costo de pagar la multa sea menor al de contaminar, entonces la legislaci\u00f3n ambiental encontrar\u00eda su objetivo derrotado\u201d. Lo que no obsta a que la SMA debe respetarlos l\u00edmites discrecionales que su &nbsp;misma Ley Org\u00e1nica establece. &nbsp;&nbsp;<\/p>\n<p style=\"text-align: justify;\">El Superintendente del Medio Ambiente, Cristi\u00e1n Franz, se\u00f1al\u00f3 que \u201cel fallo del Tribunal Ambiental de Valdivia no hace sino confirmar el buen trabajo desarrollado por nuestra instituci\u00f3n, tanto en lo que dice al buen est\u00e1ndar del an\u00e1lisis de la informaci\u00f3n recabada en las respectivas fiscalizaciones ambientales practicadas, como en la robustez jur\u00eddica de las resoluciones que dicta en los procedimientos sancionatorios que conoce\u201d.<\/p>\n","protected":false},"excerpt":{"rendered":"<p>&nbsp; En forma un\u00e1nime, el Tribunal confirm\u00f3 pr\u00e1cticamente de manera \u00edntegra, la sanci\u00f3n aplicada por la SMA a Endesa en agosto de 2014.<\/p>\n","protected":false},"author":3,"featured_media":16146,"comment_status":"open","ping_status":"open","sticky":false,"template":"","format":"standard","meta":{"footnotes":""},"categories":[90],"tags":[],"class_list":["post-16147","post","type-post","status-publish","format-standard","has-post-thumbnail","hentry","category-comunicados-noticias"],"_links":{"self":[{"href":"https:\/\/portal.sma.gob.cl\/index.php\/wp-json\/wp\/v2\/posts\/16147","targetHints":{"allow":["GET"]}}],"collection":[{"href":"https:\/\/portal.sma.gob.cl\/index.php\/wp-json\/wp\/v2\/posts"}],"about":[{"href":"https:\/\/portal.sma.gob.cl\/index.php\/wp-json\/wp\/v2\/types\/post"}],"author":[{"embeddable":true,"href":"https:\/\/portal.sma.gob.cl\/index.php\/wp-json\/wp\/v2\/users\/3"}],"replies":[{"embeddable":true,"href":"https:\/\/portal.sma.gob.cl\/index.php\/wp-json\/wp\/v2\/comments?post=16147"}],"version-history":[{"count":0,"href":"https:\/\/portal.sma.gob.cl\/index.php\/wp-json\/wp\/v2\/posts\/16147\/revisions"}],"wp:featuredmedia":[{"embeddable":true,"href":"https:\/\/portal.sma.gob.cl\/index.php\/wp-json\/wp\/v2\/media\/16146"}],"wp:attachment":[{"href":"https:\/\/portal.sma.gob.cl\/index.php\/wp-json\/wp\/v2\/media?parent=16147"}],"wp:term":[{"taxonomy":"category","embeddable":true,"href":"https:\/\/portal.sma.gob.cl\/index.php\/wp-json\/wp\/v2\/categories?post=16147"},{"taxonomy":"post_tag","embeddable":true,"href":"https:\/\/portal.sma.gob.cl\/index.php\/wp-json\/wp\/v2\/tags?post=16147"}],"curies":[{"name":"wp","href":"https:\/\/api.w.org\/{rel}","templated":true}]}}